
{"id":6298,"date":"2023-07-05T09:19:18","date_gmt":"2023-07-05T07:19:18","guid":{"rendered":"http:\/\/antymatrix.blog.polityka.pl\/?p=6298"},"modified":"2023-07-05T10:24:35","modified_gmt":"2023-07-05T08:24:35","slug":"rozstrzelane-odrodzenie","status":"publish","type":"post","link":"https:\/\/blog.polityka.pl\/antymatrix\/2023\/07\/05\/rozstrzelane-odrodzenie\/","title":{"rendered":"Rozstrzelane odrodzenie"},"content":{"rendered":"\n<p>Wiktoria Amelina, osoba niezwyk\u0142a i niezwyk\u0142a pisarka, nie \u017cyje. Kilka dni temu podczas Ksi\u0105\u017ckowego Arsena\u0142u w Kijowie promowa\u0142a ksi\u0105\u017ck\u0119 Wo\u0142odymyra Wakulenki-K. zamordowanego przez Rosjan w Iziumie. We wst\u0119pie przywo\u0142a\u0142a <em>Rozstrzelane odrodzenie<\/em>, wielki ruch w ukrai\u0144skiej literaturze i kulturze lat 20. XX stulecia zako\u0144czony masow\u0105 eksterminacj\u0105. Zmar\u0142a na skutek ran odniesionych podczas rosyjskiego ataku rakietowego na Kramatorsk.<\/p>\n\n\n\n<!--more-->\n\n\n\n<p>Stalinowi nie uda\u0142o si\u0119 wymaza\u0107 ukrai\u0144skiej kultury, cho\u0107 straty trudno sobie wyobrazi\u0107. Oksana Zabu\u017cko w wyk\u0142adzie o <em>Rozstrzelanym odrodzeniu<\/em> przypomnia\u0142a m.in. Waleriana Pidmohylnego, jednego z najwybitniejszych pisarzy &#8222;ukrai\u0144skich lat 20.&#8221;, m\u00f3wi\u0105c, \u017ce nie daruje jego zab\u00f3jcom wszystkich tych ksi\u0105\u017cek, jakie napisa\u0142by, maj\u0105c lat 40, 50 i wi\u0119cej. Zgin\u0105\u0142 w listopadzie 1937 r. w wieku lat 36 rozstrzelany w ramach &#8222;egzekucji jubileuszowej&#8221; w Sandarmochu.<\/p>\n\n\n\n<p>W\u0142adza radziecka w ten spos\u00f3b, egzekucj\u0105 ponad 1200 wi\u0119\u017ani\u00f3w, postanowi\u0142a uczci\u0107 20-lecie rewolucji pa\u017adziernikowej. W Sandarmochu zgin\u0119\u0142o ponad stu ukrai\u0144skich tw\u00f3rc\u00f3w, w\u015br\u00f3d nich postaci tak wybitne jak Pidmohylny, \u0141e\u015b Kurbas, Myko\u0142a Zerow, Myko\u0142a Kulisz. Wcze\u015bniej, w 1933 r., samob\u00f3jstwo pope\u0142ni\u0142 Myko\u0142a Chwylowy. Zostawili pustk\u0119 wszystkich tych dzie\u0142, jakich ju\u017c nie przeczytamy.<\/p>\n\n\n\n<p>Do\u0142\u0105czy\u0142 do nich Wo\u0142odymyr Wakulenko-K., kt\u00f3ry do ostatnich dni na wolno\u015bci w Kapitoliwce pod Iziumiem prowadzi\u0142 dziennik. Spodziewaj\u0105c si\u0119 aresztowania, zakopa\u0142 go w ogrodzie. Zosta\u0142 zastrzelony wiosn\u0105 2022 r., jego cia\u0142o odnaleziono w masowym grobie w Iziumie. Wiktoria Amelina odnalaz\u0142a pami\u0119tnik i przygotowa\u0142a do wydania w charkowskim wydawnictwie Vivat. Prezentacja odby\u0142a si\u0119 Kijowie podczas wspomnianego Ksi\u0105\u017ckowego Arsena\u0142u. Festiwal odwiedzi\u0142 Wo\u0142odymyr Ze\u0142enski z \u017con\u0105, kupili m.in. ksi\u0105\u017ck\u0119 Wakulenki.<\/p>\n\n\n\n<p>Wiktoria Amelina zosta\u0142a ci\u0119\u017cko ranna podczas ataku rakietowego na pizzeri\u0119 w Kramatorsku. Zmar\u0142a w Dnieprze, lekarze nie zdo\u0142ali jej uratowa\u0107. Mia\u0142a 37 lat, napisa\u0142a m.in. &#8222;Dom dla Doma&#8221;, ksi\u0105\u017cka jest dost\u0119pna po polsku w przek\u0142adzie Katarzyny Koty\u0144skiej i nak\u0142adem wydawnictwa Warstwy. Do druku przygotowywana jest ksi\u0105\u017cka &#8222;War and Justice Diary: Looking at Women Looking at War&#8221;, nad kt\u00f3r\u0105 Wiktoria Amelina pracowa\u0142a przez miesi\u0105ce wojny, zbieraj\u0105c do niej materia\u0142y. O projekcie <a rel=\"noreferrer noopener\" aria-label=\"rozmawia\u0142 z Amelin\u0105\u00a0rok temu Michael Judge (opens in a new tab)\" href=\"https:\/\/michaeljudge.substack.com\/p\/diary-of-war-and-justice-in-ukraine\" target=\"_blank\"><strong>rozmawia\u0142 z pisark\u0105\u00a0rok temu Michael Judge<\/strong><\/a>.<\/p>\n\n\n\n<p>Wiktoria Amelina odesz\u0142a wraz ze wszystkimi nienapisanymi utworami, pozostawiaj\u0105c po sobie wielk\u0105 pustk\u0119. To cena, jak\u0105 nie tylko Ukrainki i Ukrai\u0144cy p\u0142ac\u0105 bezpo\u015brednio za imperialne fantazje Rosjan, to cena, jak\u0105 p\u0142acimy za fantazje wszyscy. \u015awiat bez Wiktorii Ameliny, jej spo\u0142ecznego zaanga\u017cowania i jej oryginalnej tw\u00f3rczo\u015bci b\u0119dzie po prostu ubo\u017cszym, gorszym miejscem do \u017cycia.<\/p>\n\n\n\n<p>O fenomenie Rozstrzelanego odrodzenia, czy raczej ukrai\u0144skich latach 20., rozmawiam z Agnieszk\u0105 Lichnerowicz <strong><a rel=\"noreferrer noopener\" aria-label=\"w 6. odcinku podcastu Rozumie\u0107 Ukrain\u0119 (opens in a new tab)\" href=\"https:\/\/audycje.tokfm.pl\/audycja\/562,Rozumiec-Ukraine\" target=\"_blank\">w sz\u00f3stym odcinku podkastu &#8222;Rozumie\u0107 Ukrain\u0119<\/a><\/strong>&#8222;. Premiera w \u015brod\u0119 5 lipca o 15. Zapraszam!<\/p>\n","protected":false},"excerpt":{"rendered":"<p>Wiktoria Amelina, osoba niezwyk\u0142a i niezwyk\u0142a pisarka nie \u017cyje. Kilka dni temu podczas Ksi\u0105\u017ckowego Arsena\u0142u w Kijowie promowa\u0142a ksi\u0105\u017ck\u0119 Wo\u0142odymyra Wakulenki-K. zamordowanego przez Rosjan w Iziumie. We wst\u0119pie przywo\u0142a\u0142a Rozstrzelane odrodzenie, wielki ruch w ukrai\u0144skiej literaturze i kulturze lat 20. XX stulecia zako\u0144czony masow\u0105 eksterminacj\u0105. Zmar\u0142a na skutek ran odniesionych podczas rosyjskiego ataku rakietowego na Kramatorsk.<\/p>\n","protected":false},"author":1,"featured_media":6299,"comment_status":"closed","ping_status":"closed","sticky":false,"template":"","format":"standard","meta":{"footnotes":""},"categories":[1],"tags":[],"_links":{"self":[{"href":"https:\/\/blog.polityka.pl\/antymatrix\/wp-json\/wp\/v2\/posts\/6298"}],"collection":[{"href":"https:\/\/blog.polityka.pl\/antymatrix\/wp-json\/wp\/v2\/posts"}],"about":[{"href":"https:\/\/blog.polityka.pl\/antymatrix\/wp-json\/wp\/v2\/types\/post"}],"author":[{"embeddable":true,"href":"https:\/\/blog.polityka.pl\/antymatrix\/wp-json\/wp\/v2\/users\/1"}],"replies":[{"embeddable":true,"href":"https:\/\/blog.polityka.pl\/antymatrix\/wp-json\/wp\/v2\/comments?post=6298"}],"version-history":[{"count":4,"href":"https:\/\/blog.polityka.pl\/antymatrix\/wp-json\/wp\/v2\/posts\/6298\/revisions"}],"predecessor-version":[{"id":6304,"href":"https:\/\/blog.polityka.pl\/antymatrix\/wp-json\/wp\/v2\/posts\/6298\/revisions\/6304"}],"wp:featuredmedia":[{"embeddable":true,"href":"https:\/\/blog.polityka.pl\/antymatrix\/wp-json\/wp\/v2\/media\/6299"}],"wp:attachment":[{"href":"https:\/\/blog.polityka.pl\/antymatrix\/wp-json\/wp\/v2\/media?parent=6298"}],"wp:term":[{"taxonomy":"category","embeddable":true,"href":"https:\/\/blog.polityka.pl\/antymatrix\/wp-json\/wp\/v2\/categories?post=6298"},{"taxonomy":"post_tag","embeddable":true,"href":"https:\/\/blog.polityka.pl\/antymatrix\/wp-json\/wp\/v2\/tags?post=6298"}],"curies":[{"name":"wp","href":"https:\/\/api.w.org\/{rel}","templated":true}]}}