
{"id":10121,"date":"2019-05-16T09:48:54","date_gmt":"2019-05-16T07:48:54","guid":{"rendered":"http:\/\/chetkowski.blog.polityka.pl\/?p=10121"},"modified":"2019-05-16T10:29:08","modified_gmt":"2019-05-16T08:29:08","slug":"olimpijczycy-moga-nie-dostac-sie-do-wybranych-szkol","status":"publish","type":"post","link":"https:\/\/blog.polityka.pl\/chetkowski\/2019\/05\/16\/olimpijczycy-moga-nie-dostac-sie-do-wybranych-szkol\/","title":{"rendered":"Olimpijczycy mog\u0105 nie dosta\u0107 si\u0119 do wybranych szk\u00f3\u0142"},"content":{"rendered":"<p>W\u015br\u00f3d tegorocznych absolwent\u00f3w gimnazjum i szko\u0142y podstawowej b\u0119dzie tak wielu olimpijczyk\u00f3w, \u017ce nawet oni mog\u0105 mie\u0107 problem z dostaniem si\u0119 do najlepszych lice\u00f3w. Najzdolniejsze dzieci ze zdumieniem odkrywaj\u0105 t\u0119 prawd\u0119, \u017ce <!--more-->w tym roku nawet bycie laureatem czy finalist\u0105 olimpiady \u2013 dawniej gwarancja wszystkiego \u2013 mo\u017ce nie wystarczy\u0107.<\/p>\n<p>Nieomal wszystkie najlepsze licea otworz\u0105 mniej klas pierwszych. W sumie wprawdzie wi\u0119cej, ale dla danego rocznika mniej. W moim liceum zamiast pi\u0119ciu klas pierwszych b\u0119d\u0105 trzy dla \u00f3smoklasist\u00f3w i trzy dla gimnazjalist\u00f3w. Podobnie jest we wszystkich szko\u0142ach z czo\u0142\u00f3wki ranking\u00f3w, a tylko takie interesuj\u0105 najlepszych uczni\u00f3w. Je\u015bli zg\u0142osi si\u0119 wi\u0119cej olimpijczyk\u00f3w ni\u017c jest miejsc, cz\u0119\u015b\u0107 laureat\u00f3w odejdzie z kwitkiem.<\/p>\n<p>Najambitniejsi uczniowie od dawna wiedzieli, \u017ce w tym roku mo\u017ce by\u0107 problem. Nauczyciele i rodzice przekonywali, \u017ce skutecznym rozwi\u0105zaniem jest sukces w olimpiadzie lub konkursie o randze olimpiady. Zwyci\u0119zcy otrzymuj\u0105 podczas rekrutacji maksimum punkt\u00f3w i dostaj\u0105 si\u0119 do szko\u0142y z palcem w nosie. Uczniowie uwierzyli i ruszyli t\u0142umnie do konkurs\u00f3w. Przy okazji wymy\u015blono nowe konkursy, gdzieniegdzie zwi\u0119kszono liczb\u0119 finalist\u00f3w &#8211; i nagle okaza\u0142o si\u0119, \u017ce olimpijczyk\u00f3w jest wi\u0119cej ni\u017c miejsc w najlepszych liceach. Tego nikt si\u0119 nie spodziewa\u0142.<\/p>\n<p>Odwiedzili mnie rodzice \u00f3smoklasisty, kt\u00f3ry b\u0119dzie mia\u0142 na \u015bwiadectwie same sz\u00f3stki i pi\u0105tki, ale olimpijczykiem nie jest. \u015arednia ocen \u2013 prawdopodobnie 5,3, jednak laureatem ani finalist\u0105 nie jest. Rodzice chc\u0105 wiedzie\u0107, czy zdolne dziecko ma szans\u0119. W normalnych czasach tak, ale po \u201edobrej zmianie\u201d nawet olimpijczycy s\u0105 w strachu, a co dopiero reszta.<\/p>\n","protected":false},"excerpt":{"rendered":"<p>Nieomal wszystkie najlepsze licea otworz\u0105 mniej klas pierwszych.<\/p>\n","protected":false},"author":1,"featured_media":10126,"comment_status":"open","ping_status":"closed","sticky":false,"template":"","format":"standard","meta":{"footnotes":""},"categories":[1],"tags":[],"_links":{"self":[{"href":"https:\/\/blog.polityka.pl\/chetkowski\/wp-json\/wp\/v2\/posts\/10121"}],"collection":[{"href":"https:\/\/blog.polityka.pl\/chetkowski\/wp-json\/wp\/v2\/posts"}],"about":[{"href":"https:\/\/blog.polityka.pl\/chetkowski\/wp-json\/wp\/v2\/types\/post"}],"author":[{"embeddable":true,"href":"https:\/\/blog.polityka.pl\/chetkowski\/wp-json\/wp\/v2\/users\/1"}],"replies":[{"embeddable":true,"href":"https:\/\/blog.polityka.pl\/chetkowski\/wp-json\/wp\/v2\/comments?post=10121"}],"version-history":[{"count":4,"href":"https:\/\/blog.polityka.pl\/chetkowski\/wp-json\/wp\/v2\/posts\/10121\/revisions"}],"predecessor-version":[{"id":10127,"href":"https:\/\/blog.polityka.pl\/chetkowski\/wp-json\/wp\/v2\/posts\/10121\/revisions\/10127"}],"wp:featuredmedia":[{"embeddable":true,"href":"https:\/\/blog.polityka.pl\/chetkowski\/wp-json\/wp\/v2\/media\/10126"}],"wp:attachment":[{"href":"https:\/\/blog.polityka.pl\/chetkowski\/wp-json\/wp\/v2\/media?parent=10121"}],"wp:term":[{"taxonomy":"category","embeddable":true,"href":"https:\/\/blog.polityka.pl\/chetkowski\/wp-json\/wp\/v2\/categories?post=10121"},{"taxonomy":"post_tag","embeddable":true,"href":"https:\/\/blog.polityka.pl\/chetkowski\/wp-json\/wp\/v2\/tags?post=10121"}],"curies":[{"name":"wp","href":"https:\/\/api.w.org\/{rel}","templated":true}]}}