
{"id":12010,"date":"2021-08-09T18:32:31","date_gmt":"2021-08-09T16:32:31","guid":{"rendered":"http:\/\/chetkowski.blog.polityka.pl\/?p=12010"},"modified":"2021-08-09T19:00:47","modified_gmt":"2021-08-09T17:00:47","slug":"uczniowie-zarabiaja-wiecej-niz-nauczyciele","status":"publish","type":"post","link":"https:\/\/blog.polityka.pl\/chetkowski\/2021\/08\/09\/uczniowie-zarabiaja-wiecej-niz-nauczyciele\/","title":{"rendered":"Uczniowie zarabiaj\u0105 wi\u0119cej ni\u017c nauczyciele"},"content":{"rendered":"\n<p>Kiedy zapyta\u0142em ucznia, ile b\u0119dzie\nzarabia\u0142 podczas wakacji, odpowiedzia\u0142, \u017ce wi\u0119cej ni\u017c ja. To nie by\u0142a\nniegrzeczna odpowied\u017a. To by\u0142a prawda. Uczniowie maj\u0105 \u015bwiadomo\u015b\u0107, ile zarabiaj\u0105\nnauczyciele.<\/p>\n\n\n\n<!--more-->\n\n\n\n<p>Gdy nauczyciel odchodzi z\npracy, uczniowie gratuluj\u0105 mu awansu. Dok\u0105dkolwiek by poszed\u0142, zarobi wi\u0119cej. Starzy\nnauczyciele ostrzegaj\u0105 m\u0142odych, aby si\u0119 nie przywi\u0105zywali do tego zawodu. Pojawi\nsi\u0119 dziecko i nie b\u0119dziesz mia\u0142 wyj\u015bcia. Nie utrzymasz rodziny z\nnauczycielskiej pensji.<\/p>\n\n\n\n<p>W ankietach, jakie\nprzeprowadzam czasem w\u015br\u00f3d uczni\u00f3w na pro\u015bb\u0119 r\u00f3\u017cnych os\u00f3b, cho\u0107by doktorant\u00f3w,\npojawia si\u0119 pytanie, czy wiesz, ile zarabia tw\u00f3j nauczyciel. Uczniowie\nzaczynaj\u0105 si\u0119 tym interesowa\u0107. Niekt\u00f3rzy \u015bmiej\u0105 si\u0119, \u017ce w odpowiedzi zaznaczyli\ndwa razy tyle. Zaznaczyli \u017ale, ale teraz ju\u017c wiedz\u0105.<\/p>\n\n\n\n<p>Sporo nauczycieli dorabia, wi\u0119c to dwa razy tyle czasem jest prawd\u0105. Natomiast w jednej szkole na ca\u0142y etat to jest po\u0142owa tego, co my\u015blicie. Trzeba by m\u00f3wi\u0107 o tym g\u0142o\u015bno, tak\u017ce rodzicom. Niech si\u0119 wszyscy dowiedz\u0105, to powinno by\u0107 jawne, jakie s\u0105 p\u0142ace w o\u015bwiacie, szczeg\u00f3lnie w\u015br\u00f3d m\u0142odych. <\/p>\n\n\n\n<p>Ile konkretnie zarabiaj\u0105? Wasza ulubiona nauczycielka, erudytka i prawdziwa dama, zarabia tyle, ile wynosi najni\u017csza krajowa. Mniej ju\u017c zap\u0142aci\u0107 jej nie mo\u017cna. Nic wi\u0119c dziwnego, \u017ce po trzech latach rzuci\u0142a t\u0119 robot\u0119 w diab\u0142y. <\/p>\n\n\n\n<p>Po dziesi\u0119ciu latach by\u0142oby\njej trudniej, po dwudziestu jeszcze trudniej, a po trzydziestu zdecydowa\u0142aby\nsi\u0119 dotrwa\u0107 do emerytury. I w\u0142a\u015bnie tacy nauczyciele b\u0119d\u0105 was uczy\u0107: prawie\nemeryci oraz emeryci. Na m\u0142odszych pa\u0144stwa polskiego nie sta\u0107, woli wydawa\u0107 na\nrz\u0105dz\u0105cych.<\/p>\n","protected":false},"excerpt":{"rendered":"<p>Kiedy zapyta\u0142em ucznia, ile b\u0119dzie zarabia\u0142 podczas wakacji, odpowiedzia\u0142, \u017ce wi\u0119cej ni\u017c ja. To nie by\u0142a niegrzeczna odpowied\u017a. To by\u0142a prawda. Uczniowie maj\u0105 \u015bwiadomo\u015b\u0107, ile zarabiaj\u0105 nauczyciele.<\/p>\n","protected":false},"author":1,"featured_media":12014,"comment_status":"open","ping_status":"closed","sticky":false,"template":"","format":"standard","meta":{"footnotes":""},"categories":[1],"tags":[],"_links":{"self":[{"href":"https:\/\/blog.polityka.pl\/chetkowski\/wp-json\/wp\/v2\/posts\/12010"}],"collection":[{"href":"https:\/\/blog.polityka.pl\/chetkowski\/wp-json\/wp\/v2\/posts"}],"about":[{"href":"https:\/\/blog.polityka.pl\/chetkowski\/wp-json\/wp\/v2\/types\/post"}],"author":[{"embeddable":true,"href":"https:\/\/blog.polityka.pl\/chetkowski\/wp-json\/wp\/v2\/users\/1"}],"replies":[{"embeddable":true,"href":"https:\/\/blog.polityka.pl\/chetkowski\/wp-json\/wp\/v2\/comments?post=12010"}],"version-history":[{"count":3,"href":"https:\/\/blog.polityka.pl\/chetkowski\/wp-json\/wp\/v2\/posts\/12010\/revisions"}],"predecessor-version":[{"id":12013,"href":"https:\/\/blog.polityka.pl\/chetkowski\/wp-json\/wp\/v2\/posts\/12010\/revisions\/12013"}],"wp:featuredmedia":[{"embeddable":true,"href":"https:\/\/blog.polityka.pl\/chetkowski\/wp-json\/wp\/v2\/media\/12014"}],"wp:attachment":[{"href":"https:\/\/blog.polityka.pl\/chetkowski\/wp-json\/wp\/v2\/media?parent=12010"}],"wp:term":[{"taxonomy":"category","embeddable":true,"href":"https:\/\/blog.polityka.pl\/chetkowski\/wp-json\/wp\/v2\/categories?post=12010"},{"taxonomy":"post_tag","embeddable":true,"href":"https:\/\/blog.polityka.pl\/chetkowski\/wp-json\/wp\/v2\/tags?post=12010"}],"curies":[{"name":"wp","href":"https:\/\/api.w.org\/{rel}","templated":true}]}}