
{"id":122,"date":"2007-02-08T08:45:18","date_gmt":"2007-02-08T07:45:18","guid":{"rendered":"http:\/\/chetkowski.blog.polityka.pl\/?p=122"},"modified":"2007-02-08T08:45:18","modified_gmt":"2007-02-08T07:45:18","slug":"dane-uczniow","status":"publish","type":"post","link":"https:\/\/blog.polityka.pl\/chetkowski\/2007\/02\/08\/dane-uczniow\/","title":{"rendered":"Dane uczni\u00f3w"},"content":{"rendered":"<p>Od absolwent\u00f3w mo\u017cna si\u0119 wiele nauczy\u0107. Ci, kt\u00f3rzy dopiero zacz\u0119li studia, s\u0105 bardzo przej\u0119ci now\u0105 wiedz\u0105. Niekt\u00f3rzy nawet tak agresywni w dzieleniu si\u0119 zdobytymi niedawno informacjami lub w demonstrowaniu nowych umiej\u0119tno\u015bci, \u017ce trzeba si\u0119 pilnowa\u0107, aby nie ukatrupili (studenci medycyny), nie przeprowadzili sprawy rozwodowej (przyszli prawnicy) albo nie poprowadzili konwersacji w j\u0119zykach obcych, najlepiej kilku naraz (neofilolodzy).<\/p>\n<p>O wyczynach student\u00f3w weterynarii, in\u017cynierii budowlanej albo ekonomii nie b\u0119d\u0119 opowiada\u0142, poniewa\u017c nie chc\u0119 tu nikogo prowokowa\u0107 do leczenia na moich oczach ps\u00f3w i kot\u00f3w, do udowadniania, kiedy runie m\u00f3j blok, ani do wyja\u015bniania, jakie mam zdolno\u015bci kredytowe. Szczeg\u00f3lnie nie chc\u0119 zna\u0107 tego ostatniego.<\/p>\n<p>Aby jednak usatysfakcjonowa\u0107 neofit\u00f3w, staram si\u0119 ich pyta\u0107 nie tylko o to, kiedy \u015blub i kiedy dzieci, ale przede wszystkim zadaj\u0119 pytania zwi\u0105zane z przysz\u0142ym zawodem. Je\u015bli tylko nie jestem kr\u00f3likiem do\u015bwiadczalnym, mog\u0119 rozmawia\u0107 z ka\u017cdym studentem o wszystkim, czego aktualnie si\u0119 uczy. Najwi\u0119cej wiem o aminokwasach lewoskr\u0119tnych i prawoskr\u0119tnych, poniewa\u017c w moim liceum chemia stoi na najwy\u017cszym poziomie, wi\u0119c ludziska studiuj\u0105 wszystko, co z chemi\u0105 zwi\u0105zane. Nie b\u0119d\u0119 ukrywa\u0142, \u017ce wol\u0119 pyta\u0107 o sprawy, kt\u00f3re mnie te\u017c interesuj\u0105.<\/p>\n<p>Kiedy wi\u0119c wpad\u0142 student prawa, zapyta\u0142em, o co chodzi z zakazem wpisywania do dziennik\u00f3w danych uczni\u00f3w: miejsca urodzenia, adresu zamieszkania, numer\u00f3w telefonu do rodzic\u00f3w czy te\u017c do samego ucznia, bo teraz wszyscy maj\u0105 kom\u00f3rki. Takie informacje s\u0105 przecie\u017c bardzo potrzebne, bo jak kto\u015b wagaruje, to wychowawca bierze dziennik i dzwoni do rodzic\u00f3w. Tak\u017ce inni nauczyciele ch\u0119tnie korzystaliby z tych informacji dla dobra samych uczni\u00f3w, kt\u00f3rym &#8211; jak to w ciel\u0119cym wieku &#8211; zwyczajnie odbija. Gdy jednak nie ma si\u0119 pod r\u0119k\u0105 danych uczni\u00f3w, nauczycielowi odechciewa si\u0119 szuka\u0107. Trzeba by szuka\u0107 wychowawcy, a wychowawca musia\u0142by mie\u0107 przy sobie sw\u00f3j tajny notatnik. To strasznie g\u0142upie prawo. A mo\u017ce &#8211; pytam &#8211; takiego prawa w og\u00f3le nie ma, tylko szko\u0142a, jak zwykle, wychodzi przed szereg?<\/p>\n<p>Prosz\u0119 bardzo, s\u0142ucham. &#8222;Panie profesorze &#8211; m\u00f3wi absolwent &#8211; Je\u015bli chodzi o stan <em>de iure<\/em>, to rzeczywi\u015bcie zabrania si\u0119 upublicznienia danych personalnych bez zgody osoby zainteresowanej. Natomiast stan <em>de facto<\/em>: jest taki, \u017ce niewiele instytucji tego prawa przestrzega, poniewa\u017c ryzyko kary jest niewielkie&#8221;. Czyli? &#8211; pytam. &#8222;Niepotrzebnie nie wpisuje si\u0119 do dziennik\u00f3w potrzebnych danych uczni\u00f3w&#8221;.<\/p>\n<p>To wyja\u015bnienie bardzo mi przypad\u0142o do gustu. A zatem <em>de iure<\/em> powinienem wystawia\u0107 ocen\u0119 ko\u0144coworoczn\u0105 z co najmniej trzech ocen cz\u0105stkowych, a <em>de facto<\/em> wystawiam wielu osobom oceny na koniec roku z sufitu. I co? Nic. Powinienem <em>de iure<\/em> przygotowywa\u0107 si\u0119 do lekcji, a <em>de facto<\/em> nie zamierzam. To nie wszystko! <em>De iure<\/em> nie wolno w szkole pali\u0107 papieros\u00f3w, ale <em>de facto<\/em> nie wyobra\u017cam sobie pracy bez papierosa wypalonego w murach liceum. <em>De iure<\/em> obowi\u0105zuje zakaz picia alkoholu w pracy, a <em>de facto<\/em> w szko\u0142ach \u0142amie si\u0119 ten zakaz nagminnie. Nie wolno <em>de iure<\/em>?, ale <em>de facto<\/em>&#8230; Kochany kraj. Ukochana ojczyzna. I cudowni studenci prawa, kt\u00f3rzy tak mocno stoj\u0105 na ziemi i wiedz\u0105, jakie jest \u017cycie. Dzi\u0119kuj\u0119, absolwencie! <em>De iure<\/em> jestem&#8230;, ale <em>de facto<\/em> mam wszystko w d&#8230; Prosta filozofia \u017cycia.<\/p>\n","protected":false},"excerpt":{"rendered":"<p>Od absolwent\u00f3w mo\u017cna si\u0119 wiele nauczy\u0107. Ci, kt\u00f3rzy dopiero zacz\u0119li studia, s\u0105 bardzo przej\u0119ci now\u0105 wiedz\u0105. Niekt\u00f3rzy nawet tak agresywni w dzieleniu si\u0119 zdobytymi niedawno informacjami lub w demonstrowaniu nowych umiej\u0119tno\u015bci, \u017ce trzeba si\u0119 pilnowa\u0107, aby nie ukatrupili (studenci medycyny), nie przeprowadzili sprawy rozwodowej (przyszli prawnicy) albo nie poprowadzili konwersacji w j\u0119zykach obcych, najlepiej kilku [&hellip;]<\/p>\n","protected":false},"author":1,"featured_media":0,"comment_status":"open","ping_status":"open","sticky":false,"template":"","format":"standard","meta":{"footnotes":""},"categories":[1],"tags":[],"_links":{"self":[{"href":"https:\/\/blog.polityka.pl\/chetkowski\/wp-json\/wp\/v2\/posts\/122"}],"collection":[{"href":"https:\/\/blog.polityka.pl\/chetkowski\/wp-json\/wp\/v2\/posts"}],"about":[{"href":"https:\/\/blog.polityka.pl\/chetkowski\/wp-json\/wp\/v2\/types\/post"}],"author":[{"embeddable":true,"href":"https:\/\/blog.polityka.pl\/chetkowski\/wp-json\/wp\/v2\/users\/1"}],"replies":[{"embeddable":true,"href":"https:\/\/blog.polityka.pl\/chetkowski\/wp-json\/wp\/v2\/comments?post=122"}],"version-history":[{"count":0,"href":"https:\/\/blog.polityka.pl\/chetkowski\/wp-json\/wp\/v2\/posts\/122\/revisions"}],"wp:attachment":[{"href":"https:\/\/blog.polityka.pl\/chetkowski\/wp-json\/wp\/v2\/media?parent=122"}],"wp:term":[{"taxonomy":"category","embeddable":true,"href":"https:\/\/blog.polityka.pl\/chetkowski\/wp-json\/wp\/v2\/categories?post=122"},{"taxonomy":"post_tag","embeddable":true,"href":"https:\/\/blog.polityka.pl\/chetkowski\/wp-json\/wp\/v2\/tags?post=122"}],"curies":[{"name":"wp","href":"https:\/\/api.w.org\/{rel}","templated":true}]}}