
{"id":123,"date":"2007-02-09T08:32:22","date_gmt":"2007-02-09T07:32:22","guid":{"rendered":"http:\/\/chetkowski.blog.polityka.pl\/?p=123"},"modified":"2007-02-09T08:32:22","modified_gmt":"2007-02-09T07:32:22","slug":"kaczka-w-odstawce","status":"publish","type":"post","link":"https:\/\/blog.polityka.pl\/chetkowski\/2007\/02\/09\/kaczka-w-odstawce\/","title":{"rendered":"Kaczka w odstawce"},"content":{"rendered":"<p>Zniech\u0119ci\u0142em si\u0119 ostatnio do tak wielu program\u00f3w telewizyjnych, \u017ce by\u0142em got\u00f3w wyrzuci\u0107 telewizor przez okno i nigdy wi\u0119cej nic w nim nie ogl\u0105da\u0107. Bo i po co? Wszystkie programy \u015bwiadcz\u0105 tylko o tym, \u017ce ich tw\u00f3rcy boj\u0105 si\u0119 dotyka\u0107 temat\u00f3w dra\u017cliwych. Du\u017co w telewizji prymitywnych tre\u015bci, zgadywanek za z\u0142ot\u00f3wk\u0119 plus VAT, a prawie wcale ironii z rz\u0105du. Powaga, powaga albo seriale, seriale i teleturnieje. Nawet wiadomo\u015bci s\u0105 o pierdo\u0142ach &#8211; na przyk\u0142ad wczoraj o bykowym w jakiej\u015b mie\u015bcinie <em>Fakty<\/em>, <em>Wydarzenia <\/em>i <em>Wiadomo\u015bci<\/em> po\u015bwi\u0119ci\u0142y po 10-15 minut, a o polskiej polityce mi\u0119dzynarodowej ani s\u0142owa.<\/p>\n<p>Przykro patrze\u0107 tak\u017ce na polskich artyst\u00f3w, kt\u00f3rzy zapomnieli, \u017ce niezgoda i sprzeciw wobec w\u0142adzy s\u0105 warunkiem rozwoju demokracji. Powoli zacz\u0105\u0142em si\u0119 przyzwyczaja\u0107 do my\u015bli, \u017ce satyr\u0119 polityczn\u0105 na wysokim poziomie mo\u017cna obejrze\u0107 albo w programach zagranicznych, albo w peerelowskich. Dlaczego intelektuali\u015bci przestali si\u0119 anga\u017cowa\u0107? Dlaczego arty\u015bci przechodz\u0105 do porz\u0105dku dziennego nad nonsensami i gwa\u0142tami (je\u015bli chodzi o koalicjanta, nale\u017cy s\u0142owo gwa\u0142t rozumie\u0107 podobno dos\u0142ownie) w\u0142adzy?<\/p>\n<p>Aby nie wyda\u0107 pochopnego wyroku na ca\u0142\u0105 telewizj\u0119, ogl\u0105da\u0142em wszystkie programy, jak leci. Ju\u017c by\u0142em pewien, \u017ce pozostaje mi w\u0142\u0105czy\u0107 odtwarzacz CD z p\u0142yt\u0105 &#8222;Tata Kazika&#8221; i udawa\u0107, \u017ce to bie\u017c\u0105ca drwina z g\u0142upoty rz\u0105du, gdy dotar\u0142em do programu <em>Mini Mini<\/em>. Mia\u0142em ju\u017c go pomin\u0105\u0107, bo nie spodziewa\u0142em si\u0119, \u017ce znajd\u0119 w nim jak\u0105kolwiek satyr\u0119 polityczn\u0105. W ko\u0144cu to program dla dzieci. Ale chcia\u0142em by\u0107 sprawiedliwy &#8211; poogl\u0105dam i ten, skoro ogl\u0105dam wszystko.<\/p>\n<p>Wiele rado\u015bci da\u0142 mi <em>Mi\u015b Uszatek<\/em> oraz <em>Reksio<\/em>, ale nie o to mi chodzi\u0142o, \u017ceby ogl\u0105da\u0107 starocie. Nagle nadano piosenk\u0119, kt\u00f3ra pewnie nie przesz\u0142a cenzury w Polskim Radiu, a przecie\u017c powinna zajmowa\u0107 czo\u0142owe miejsca Listy Przeboj\u00f3w Marka Nied\u017awieckiego. Zreszt\u0105 nie tylko w radiu, tak\u017ce telewizja publiczna powinna j\u0105 nadawa\u0107 non stop, gdy\u017c teledysk ma po prostu odjazdowy.<\/p>\n<p>Siedz\u0119 wi\u0119c przed telewizorem i s\u0142ucham naprawd\u0119 \u015bwietnej piosenki politycznej, patrz\u0105c na doskona\u0142ych aktor\u00f3w, kt\u00f3rzy \u015bpiewaj\u0105: &#8222;Nie wystrzelaj kaczki w kosmos!&#8221;. A refren jest najlepszy: &#8222;Od\u0142\u00f3\u017c kaczuszk\u0119. Zostaw kaczk\u0119 t\u0119. Niech w odstawk\u0119 idzie kaczka twa!&#8221; I od nowa: &#8222;Je\u015bli dobrze chcesz, to odstaw kaczuszk\u0119. Niech kaczka idzie w odstawk\u0119, je\u015bli dobrze chcesz&#8221;. Zrozumia\u0142em, \u017ce nie nale\u017cy eliminowa\u0107 tych polityk\u00f3w przemoc\u0105 (nie wystrzela\u0107), tylko wybra\u0107 kogo\u015b innego (kaczk\u0119 za\u015b w odstawk\u0119).<\/p>\n<p>Wi\u0119cej mi nie trzeba. Ja jestem cz\u0142owiek wychowany na satyrze w PRL. Pami\u0119tam, \u017ce nawet prognoza pogody mia\u0142a wtedy polityczne przes\u0142anie. Jak cz\u0142owiek nie mia\u0142 szans obejrze\u0107 polityk\u00f3w opozycji i pos\u0142ucha\u0107, co m\u00f3wi\u0105 przeciwko rz\u0105dom PZPR, to arty\u015bci si\u0119 starali pokaza\u0107 opozycj\u0119 za pomoc\u0105 <em>Bolka i Lolka<\/em>, <em>Reksia<\/em> czy <em>Kolargola<\/em>. To by\u0142y czasy! I oto widz\u0119, \u017ce wr\u00f3ci\u0142y.<\/p>\n<p>W telewizji tak ucina si\u0119 wypowiedzi polityk\u00f3w opozycji, \u017ce cz\u0142owiek ma wra\u017cenie, i\u017c to kretyni. Znowu trzeba wi\u0119c bajki ogl\u0105da\u0107. A najlepiej w <em>Mini Mini<\/em>. Ta piosenka &#8222;Kaczka w odstawce&#8221; jest naprawd\u0119 \u015bwietna. Ile w niej politycznego przes\u0142ania! A ile metafor i alegorii &#8211; po prostu per\u0142a polityczna ukazana w j\u0119zyku ezopowym. Po prostu arcydzie\u0142o. Po obejrzeniu teledysku i kilkakrotnym wys\u0142uchaniu tej piosenki znowu zacz\u0105\u0142em wierzy\u0107 w moc kultury. My\u015bla\u0142em ju\u017c, \u017ce kultura dosta\u0142a si\u0119 pod but rz\u0105du, a tu prosz\u0119 &#8211; uciek\u0142a do programu dla dzieci i rozkwita. Brawo <em>Mini Mini<\/em>! Ca\u0142y dzie\u0144 \u015bpiewa\u0142em: &#8222;Niech w odstawk\u0119 idzie kaczka&#8221; i &#8222;Odstaw kaczk\u0119&#8221;. A rzut kaczk\u0105 w wykonaniu misia jest po prostu boski!<\/p>\n","protected":false},"excerpt":{"rendered":"<p>Zniech\u0119ci\u0142em si\u0119 ostatnio do tak wielu program\u00f3w telewizyjnych, \u017ce by\u0142em got\u00f3w wyrzuci\u0107 telewizor przez okno i nigdy wi\u0119cej nic w nim nie ogl\u0105da\u0107. Bo i po co? Wszystkie programy \u015bwiadcz\u0105 tylko o tym, \u017ce ich tw\u00f3rcy boj\u0105 si\u0119 dotyka\u0107 temat\u00f3w dra\u017cliwych. Du\u017co w telewizji prymitywnych tre\u015bci, zgadywanek za z\u0142ot\u00f3wk\u0119 plus VAT, a prawie wcale ironii [&hellip;]<\/p>\n","protected":false},"author":1,"featured_media":0,"comment_status":"open","ping_status":"open","sticky":false,"template":"","format":"standard","meta":{"footnotes":""},"categories":[1],"tags":[],"_links":{"self":[{"href":"https:\/\/blog.polityka.pl\/chetkowski\/wp-json\/wp\/v2\/posts\/123"}],"collection":[{"href":"https:\/\/blog.polityka.pl\/chetkowski\/wp-json\/wp\/v2\/posts"}],"about":[{"href":"https:\/\/blog.polityka.pl\/chetkowski\/wp-json\/wp\/v2\/types\/post"}],"author":[{"embeddable":true,"href":"https:\/\/blog.polityka.pl\/chetkowski\/wp-json\/wp\/v2\/users\/1"}],"replies":[{"embeddable":true,"href":"https:\/\/blog.polityka.pl\/chetkowski\/wp-json\/wp\/v2\/comments?post=123"}],"version-history":[{"count":0,"href":"https:\/\/blog.polityka.pl\/chetkowski\/wp-json\/wp\/v2\/posts\/123\/revisions"}],"wp:attachment":[{"href":"https:\/\/blog.polityka.pl\/chetkowski\/wp-json\/wp\/v2\/media?parent=123"}],"wp:term":[{"taxonomy":"category","embeddable":true,"href":"https:\/\/blog.polityka.pl\/chetkowski\/wp-json\/wp\/v2\/categories?post=123"},{"taxonomy":"post_tag","embeddable":true,"href":"https:\/\/blog.polityka.pl\/chetkowski\/wp-json\/wp\/v2\/tags?post=123"}],"curies":[{"name":"wp","href":"https:\/\/api.w.org\/{rel}","templated":true}]}}