
{"id":12393,"date":"2022-02-07T17:43:17","date_gmt":"2022-02-07T16:43:17","guid":{"rendered":"http:\/\/chetkowski.blog.polityka.pl\/?p=12393"},"modified":"2022-02-08T11:42:32","modified_gmt":"2022-02-08T10:42:32","slug":"obowiazkowe-lekcje-religii-lub-etyki-znamy-juz-harmonogram","status":"publish","type":"post","link":"https:\/\/blog.polityka.pl\/chetkowski\/2022\/02\/07\/obowiazkowe-lekcje-religii-lub-etyki-znamy-juz-harmonogram\/","title":{"rendered":"Obowi\u0105zkowe lekcje religii lub etyki. Znamy ju\u017c harmonogram"},"content":{"rendered":"\n<p>Wracamy do czas\u00f3w, kiedy ucze\u0144 musia\u0142 wybra\u0107: albo religia, albo etyka. Obecnie mo\u017ce zdecydowa\u0107 si\u0119 na nic. MEiN poda\u0142o do wiadomo\u015bci, kiedy jeden z tych przedmiot\u00f3w stanie si\u0119 obowi\u0105zkowy.<\/p>\n\n\n\n<!--more-->\n\n\n\n<p>Religia lub etyka b\u0119dzie obowi\u0105zkowa:<\/p>\n\n\n\n<p>Od 1 wrze\u015bnia 2023 dla uczni\u00f3w klas IV szk\u00f3\u0142 podstawowych i I klasy szk\u00f3\u0142 ponadpodstawowych wszystkich typ\u00f3w;<\/p>\n\n\n\n<p>Od 1 wrze\u015bnia 2024 dla uczni\u00f3w klas IV-V szk\u00f3\u0142 podstawowych i I-II klas szk\u00f3\u0142 ponadpodstawowych wszystkich typ\u00f3w;<\/p>\n\n\n\n<p>Od 1 wrze\u015bnia 2025 dla uczni\u00f3w klas IV-VI szk\u00f3\u0142 podstawowych i I-III klas szk\u00f3\u0142 ponadpodstawowych wszystkich typ\u00f3w;<\/p>\n\n\n\n<p>Od 1 wrze\u015bnia 2026 dla uczni\u00f3w klas IV-VII szk\u00f3\u0142 podstawowych i I-IV klas szk\u00f3\u0142 ponadpodstawowych wszystkich typ\u00f3w;&nbsp;<\/p>\n\n\n\n<p>Od 1 wrze\u015bnia 2027 dla uczni\u00f3w klas IV-VIII szk\u00f3\u0142 podstawowych i wszystkich klas szk\u00f3\u0142 ponadpodstawowych wszystkich typ\u00f3w;<\/p>\n\n\n\n<p>Wymiar lekcji religii lub etyki ustala si\u0119 na 2 godziny w tygodniu.<\/p>\n\n\n\n<p>Przepis jest tak sformu\u0142owany, jakby to etyka by\u0142a przedmiotem obowi\u0105zkowym (religia nie). Zwolnienie z tego obowi\u0105zku jest mo\u017cliwe tylko w sytuacji, gdy ucze\u0144 chodzi na lekcje religii. Formalnie Czarnek wprowadza wi\u0119c obowi\u0105zek chodzenia na etyk\u0119. Nie chcesz chodzi\u0107, id\u017a na religi\u0119.<\/p>\n\n\n\n<p>Komentarz Rzecznika Praw Obywatelskich i odpowied\u017a MEiN <a href=\"https:\/\/bip.brpo.gov.pl\/pl\/content\/rpo-religia-albo-etyka-mein-opinia\" target=\"_blank\" rel=\"noreferrer noopener\" aria-label=\"tutaj (opens in a new tab)\">tutaj<\/a>.<\/p>\n","protected":false},"excerpt":{"rendered":"<p>Wracamy do czas\u00f3w, kiedy ucze\u0144 musia\u0142 wybra\u0107: albo religia, albo etyka. Obecnie mo\u017ce zdecydowa\u0107 si\u0119 na nic. MEiN poda\u0142o do wiadomo\u015bci, kiedy jeden z tych przedmiot\u00f3w stanie si\u0119 obowi\u0105zkowy.<\/p>\n","protected":false},"author":1,"featured_media":11593,"comment_status":"open","ping_status":"closed","sticky":false,"template":"","format":"standard","meta":{"footnotes":""},"categories":[1],"tags":[],"_links":{"self":[{"href":"https:\/\/blog.polityka.pl\/chetkowski\/wp-json\/wp\/v2\/posts\/12393"}],"collection":[{"href":"https:\/\/blog.polityka.pl\/chetkowski\/wp-json\/wp\/v2\/posts"}],"about":[{"href":"https:\/\/blog.polityka.pl\/chetkowski\/wp-json\/wp\/v2\/types\/post"}],"author":[{"embeddable":true,"href":"https:\/\/blog.polityka.pl\/chetkowski\/wp-json\/wp\/v2\/users\/1"}],"replies":[{"embeddable":true,"href":"https:\/\/blog.polityka.pl\/chetkowski\/wp-json\/wp\/v2\/comments?post=12393"}],"version-history":[{"count":2,"href":"https:\/\/blog.polityka.pl\/chetkowski\/wp-json\/wp\/v2\/posts\/12393\/revisions"}],"predecessor-version":[{"id":12396,"href":"https:\/\/blog.polityka.pl\/chetkowski\/wp-json\/wp\/v2\/posts\/12393\/revisions\/12396"}],"wp:featuredmedia":[{"embeddable":true,"href":"https:\/\/blog.polityka.pl\/chetkowski\/wp-json\/wp\/v2\/media\/11593"}],"wp:attachment":[{"href":"https:\/\/blog.polityka.pl\/chetkowski\/wp-json\/wp\/v2\/media?parent=12393"}],"wp:term":[{"taxonomy":"category","embeddable":true,"href":"https:\/\/blog.polityka.pl\/chetkowski\/wp-json\/wp\/v2\/categories?post=12393"},{"taxonomy":"post_tag","embeddable":true,"href":"https:\/\/blog.polityka.pl\/chetkowski\/wp-json\/wp\/v2\/tags?post=12393"}],"curies":[{"name":"wp","href":"https:\/\/api.w.org\/{rel}","templated":true}]}}