
{"id":12628,"date":"2022-06-11T17:49:09","date_gmt":"2022-06-11T15:49:09","guid":{"rendered":"http:\/\/chetkowski.blog.polityka.pl\/?p=12628"},"modified":"2022-06-13T11:02:08","modified_gmt":"2022-06-13T09:02:08","slug":"indywidualne-konto-ucznia-potrzebne-czy-nie","status":"publish","type":"post","link":"https:\/\/blog.polityka.pl\/chetkowski\/2022\/06\/11\/indywidualne-konto-ucznia-potrzebne-czy-nie\/","title":{"rendered":"Indywidualne konto ucznia: potrzebne czy nie?"},"content":{"rendered":"\n<p>Przemys\u0142aw Czarnek og\u0142osi\u0142, i\u017c intensywnie pracuje nad unowocze\u015bnieniem o\u015bwiaty. W\u0142a\u015bnie wpad\u0142 na pomys\u0142, aby wszyscy korzystaj\u0105cy z us\u0142ug edukacyjnych zostali zarejestrowani w centralnym systemie i otrzymali indywidualne konto ucznia (i absolwenta). Minister prosi o opinie: dobry pomys\u0142 czy z\u0142y?<\/p>\n\n\n\n<!--more-->\n\n\n\n<p>Na razie nic wi\u0119cej poza pomys\u0142em Czarnek nie poda\u0142. Obieca\u0142 jedynie, \u017ce posiadacze indywidulanych kont ucznia b\u0119d\u0105 mogli pobiera\u0107 dokumenty i korzysta\u0107 z r\u00f3\u017cnych us\u0142ug edukacyjnych, ale jakich konkretnie, minister nie wyja\u015bni\u0142. Mo\u017ce sam nie ma poj\u0119cia, do czego pos\u0142u\u017cy konto, prosi bowiem o przysy\u0142anie pomys\u0142\u00f3w.&nbsp;Co\u015b si\u0119 z tego potem wykroi.<\/p>\n\n\n\n<p>E-konto ucznia to na pewno dobry pomys\u0142, jednak nie mo\u017ce on zast\u0105pi\u0107 dzia\u0142a\u0144 nad rzeczywistym unowocze\u015bnieniem szk\u00f3\u0142. Co po nawet najdoskonalszym e-koncie, gdy dane w nim zapisane b\u0119d\u0105 nieaktualne. Tak jest obecnie ze stronami internetowymi szk\u00f3\u0142: niby s\u0105, ale bardzo ma\u0142o m\u00f3wi\u0105 o plac\u00f3wce. Jak kto\u015b chce wiedzie\u0107, co naprawd\u0119 si\u0119 dzieje w szkole, musi si\u0119 pofatygowa\u0107. Podobnie mo\u017ce by\u0107 z e-kontem: aby za\u0142atwi\u0107 spraw\u0119, trzeba b\u0119dzie przyj\u015b\u0107. Bez inwestycji w kadr\u0119 i wyposa\u017cenie szk\u00f3\u0142 nawet najlepszy pomys\u0142 oka\u017ce si\u0119 niewypa\u0142em.<\/p>\n\n\n\n<p>Szczeg\u00f3\u0142y pomys\u0142u Czarnka <a href=\"https:\/\/samorzad.pap.pl\/kategoria\/edukacja\/ruszyly-konsultacje-spoleczne-projektu-edukacjagovpl-platformy-dla-uczniow-na\" target=\"_blank\" rel=\"noreferrer noopener\" aria-label=\"tutaj (opens in a new tab)\">tutaj<\/a>.<\/p>\n","protected":false},"excerpt":{"rendered":"<p>Przemys\u0142aw Czarnek og\u0142osi\u0142, i\u017c intensywnie pracuje nad unowocze\u015bnieniem o\u015bwiaty. W\u0142a\u015bnie wpad\u0142 na pomys\u0142, aby wszyscy korzystaj\u0105cy z us\u0142ug edukacyjnych zostali zarejestrowani w centralnym systemie i otrzymali indywidualne konto ucznia (i absolwenta). Minister prosi o opinie: dobry pomys\u0142 czy z\u0142y?<\/p>\n","protected":false},"author":1,"featured_media":12636,"comment_status":"open","ping_status":"closed","sticky":false,"template":"","format":"standard","meta":{"footnotes":""},"categories":[1],"tags":[],"_links":{"self":[{"href":"https:\/\/blog.polityka.pl\/chetkowski\/wp-json\/wp\/v2\/posts\/12628"}],"collection":[{"href":"https:\/\/blog.polityka.pl\/chetkowski\/wp-json\/wp\/v2\/posts"}],"about":[{"href":"https:\/\/blog.polityka.pl\/chetkowski\/wp-json\/wp\/v2\/types\/post"}],"author":[{"embeddable":true,"href":"https:\/\/blog.polityka.pl\/chetkowski\/wp-json\/wp\/v2\/users\/1"}],"replies":[{"embeddable":true,"href":"https:\/\/blog.polityka.pl\/chetkowski\/wp-json\/wp\/v2\/comments?post=12628"}],"version-history":[{"count":7,"href":"https:\/\/blog.polityka.pl\/chetkowski\/wp-json\/wp\/v2\/posts\/12628\/revisions"}],"predecessor-version":[{"id":12637,"href":"https:\/\/blog.polityka.pl\/chetkowski\/wp-json\/wp\/v2\/posts\/12628\/revisions\/12637"}],"wp:featuredmedia":[{"embeddable":true,"href":"https:\/\/blog.polityka.pl\/chetkowski\/wp-json\/wp\/v2\/media\/12636"}],"wp:attachment":[{"href":"https:\/\/blog.polityka.pl\/chetkowski\/wp-json\/wp\/v2\/media?parent=12628"}],"wp:term":[{"taxonomy":"category","embeddable":true,"href":"https:\/\/blog.polityka.pl\/chetkowski\/wp-json\/wp\/v2\/categories?post=12628"},{"taxonomy":"post_tag","embeddable":true,"href":"https:\/\/blog.polityka.pl\/chetkowski\/wp-json\/wp\/v2\/tags?post=12628"}],"curies":[{"name":"wp","href":"https:\/\/api.w.org\/{rel}","templated":true}]}}