
{"id":12638,"date":"2022-06-13T18:32:31","date_gmt":"2022-06-13T16:32:31","guid":{"rendered":"http:\/\/chetkowski.blog.polityka.pl\/?p=12638"},"modified":"2022-06-13T23:38:15","modified_gmt":"2022-06-13T21:38:15","slug":"zdjecie-z-krystyna-szumilas-nauczyciele-rozdarci","status":"publish","type":"post","link":"https:\/\/blog.polityka.pl\/chetkowski\/2022\/06\/13\/zdjecie-z-krystyna-szumilas-nauczyciele-rozdarci\/","title":{"rendered":"Zdj\u0119cie z Krystyn\u0105 Szumilas: nauczyciele rozdarci"},"content":{"rendered":"\n<p>Niez\u0142ego stracha nap\u0119dzi\u0142a nauczycielom Krystyna Szumilas, proponuj\u0105c wsp\u00f3lne zdj\u0119cie. Cz\u0119\u015b\u0107 pedagog\u00f3w zauwa\u017cy\u0142a przytomnie, \u017ce to mo\u017ce im zaszkodzi\u0107. Okazuje si\u0119, i\u017c trzeba by\u0142o sporej odwagi, aby przyj\u015b\u0107 w \u0141odzi na spotkanie z pos\u0142ank\u0105 Platformy Obywatelskiej. Przecie\u017c w o\u015bwiacie rz\u0105dzi PiS.<\/p>\n\n\n\n<!--more-->\n\n\n\n<p>Obawy nauczycieli zaskoczy\u0142y by\u0142\u0105 minister edukacji. Powiedzia\u0142a, \u017ce kto nie chce, nie musi stawa\u0107 do wsp\u00f3lnego zdj\u0119cia. Odwa\u017cniejsi stan\u0119li, a mniej odwa\u017cni dali nog\u0119. Niekt\u00f3rzy si\u0119 wahali. Chcieliby, ale si\u0119 boj\u0105. Je\u015bli PO wygra wybory, zdj\u0119cie b\u0119dzie cenne. A je\u015bli nie wygra, fotografia mo\u017ce by\u0107 kul\u0105 u nogi. Co robi\u0107?<\/p>\n\n\n\n<p>Sprawdzi\u0142em na stronie Krystyny Szumilas, czy nasze wsp\u00f3lne zdj\u0119cie zosta\u0142o ju\u017c opublikowane (strona pos\u0142anki <a href=\"https:\/\/szumilas.pl\/aktualnosci\/\" target=\"_blank\" rel=\"noreferrer noopener\" aria-label=\"tutaj (opens in a new tab)\">tutaj<\/a>). Na razie s\u0105 tam tylko fotki emeryt\u00f3w, kt\u00f3rzy niczego si\u0119 nie boj\u0105, wi\u0119c uwieczniaj\u0105 si\u0119 w towarzystwie opozycji, \u017ce a\u017c mi\u0142o. Emerytom wszystko wolno, gdy\u017c w\u0142adza ich kocha.&nbsp;<\/p>\n\n\n\n<p>Z nauczycielami rz\u0105d obchodzi si\u0119 znacznie bardziej surowo. Szans\u0119 na przetrwanie w o\u015bwiacie maj\u0105 tylko ci, kt\u00f3rzy ca\u0142kowicie podporz\u0105dkuj\u0105 si\u0119 pisowi. Chodzenie na spotkania z pos\u0142ami opozycji to mo\u017ce by\u0107 b\u0142\u0105d, kt\u00f3rego kurator nauczycielowi nie daruje.<\/p>\n","protected":false},"excerpt":{"rendered":"<p>Niez\u0142ego stracha nap\u0119dzi\u0142a nauczycielom Krystyna Szumilas, proponuj\u0105c wsp\u00f3lne zdj\u0119cie. Cz\u0119\u015b\u0107 pedagog\u00f3w zauwa\u017cy\u0142a przytomnie, \u017ce to mo\u017ce im zaszkodzi\u0107. Okazuje si\u0119, i\u017c trzeba by\u0142o sporej odwagi, aby przyj\u015b\u0107 w \u0141odzi na spotkanie z pos\u0142ank\u0105 Platformy Obywatelskiej. Przecie\u017c w o\u015bwiacie rz\u0105dzi PiS.<\/p>\n","protected":false},"author":1,"featured_media":12641,"comment_status":"open","ping_status":"closed","sticky":false,"template":"","format":"standard","meta":{"footnotes":""},"categories":[1],"tags":[],"_links":{"self":[{"href":"https:\/\/blog.polityka.pl\/chetkowski\/wp-json\/wp\/v2\/posts\/12638"}],"collection":[{"href":"https:\/\/blog.polityka.pl\/chetkowski\/wp-json\/wp\/v2\/posts"}],"about":[{"href":"https:\/\/blog.polityka.pl\/chetkowski\/wp-json\/wp\/v2\/types\/post"}],"author":[{"embeddable":true,"href":"https:\/\/blog.polityka.pl\/chetkowski\/wp-json\/wp\/v2\/users\/1"}],"replies":[{"embeddable":true,"href":"https:\/\/blog.polityka.pl\/chetkowski\/wp-json\/wp\/v2\/comments?post=12638"}],"version-history":[{"count":3,"href":"https:\/\/blog.polityka.pl\/chetkowski\/wp-json\/wp\/v2\/posts\/12638\/revisions"}],"predecessor-version":[{"id":12642,"href":"https:\/\/blog.polityka.pl\/chetkowski\/wp-json\/wp\/v2\/posts\/12638\/revisions\/12642"}],"wp:featuredmedia":[{"embeddable":true,"href":"https:\/\/blog.polityka.pl\/chetkowski\/wp-json\/wp\/v2\/media\/12641"}],"wp:attachment":[{"href":"https:\/\/blog.polityka.pl\/chetkowski\/wp-json\/wp\/v2\/media?parent=12638"}],"wp:term":[{"taxonomy":"category","embeddable":true,"href":"https:\/\/blog.polityka.pl\/chetkowski\/wp-json\/wp\/v2\/categories?post=12638"},{"taxonomy":"post_tag","embeddable":true,"href":"https:\/\/blog.polityka.pl\/chetkowski\/wp-json\/wp\/v2\/tags?post=12638"}],"curies":[{"name":"wp","href":"https:\/\/api.w.org\/{rel}","templated":true}]}}