
{"id":12643,"date":"2022-06-16T14:24:57","date_gmt":"2022-06-16T12:24:57","guid":{"rendered":"http:\/\/chetkowski.blog.polityka.pl\/?p=12643"},"modified":"2022-06-16T15:02:35","modified_gmt":"2022-06-16T13:02:35","slug":"nauczyciele-stawiaja-juz-oceny-na-przyszly-rok","status":"publish","type":"post","link":"https:\/\/blog.polityka.pl\/chetkowski\/2022\/06\/16\/nauczyciele-stawiaja-juz-oceny-na-przyszly-rok\/","title":{"rendered":"Nauczyciele stawiaj\u0105 ju\u017c oceny na przysz\u0142y rok"},"content":{"rendered":"\n<p>Po wystawieniu ocen w szko\u0142ach zrobi\u0142o si\u0119 pusto. Uczniowie przestali przychodzi\u0107 na lekcje. \u017beby zach\u0119ci\u0107, niekt\u00f3rzy nauczyciele zacz\u0119li ju\u017c stawia\u0107 stopnie na przysz\u0142y rok. Zadzia\u0142a\u0142o!<\/p>\n\n\n\n<!--more-->\n\n\n\n<p>Oceny na \u015bwiadectwo wystawia si\u0119 mniej wi\u0119cej dwa tygodnie przed ko\u0144cem roku szkolnego. Wychowawcy maj\u0105 tyle papierkowej roboty, \u017ce nawet te dwa tygodnie ledwo wystarcz\u0105. Ca\u0142a dokumentacja musi by\u0107 dopi\u0119ta na ostatni guzik w dniu oddania \u015bwiadectw dzieciom. Wychowawcom niska frekwencja jest nawet na r\u0119k\u0119. Zamiast zaj\u0105\u0107 si\u0119 uczniami, wype\u0142niaj\u0105 dokumentacj\u0119.<\/p>\n\n\n\n<p>Pytam si\u0119 kolegi, jak motywuje uczni\u00f3w, \u017ce ma wysok\u0105 frekwencj\u0119 na swoich lekcjach. Uczniowie przychodz\u0105 czasem tylko na jego przedmiot, a z reszty si\u0119 zwalniaj\u0105. Kolega zdradza, i\u017c stawia ju\u017c oceny na przysz\u0142y rok. Tylko pozytywne, ma si\u0119 rozumie\u0107. Ka\u017cdy ucze\u0144 chcia\u0142by zacz\u0105\u0107 nowy rok szkolny z sz\u00f3stk\u0105 lub pi\u0105tk\u0105 (rodzicom te\u017c to dobrze zrobi). We wrze\u015bniu mo\u017ce by\u0107 trudno zdoby\u0107 tak\u0105 ocen\u0119, a teraz jest okazja. Dlatego dzieci przychodz\u0105. Klasa jest nieomal w komplecie. Mo\u017cna?<\/p>\n","protected":false},"excerpt":{"rendered":"<p>Po wystawieniu ocen w szko\u0142ach zrobi\u0142o si\u0119 pusto. Uczniowie przestali przychodzi\u0107 na lekcje. \u017beby zach\u0119ci\u0107, niekt\u00f3rzy nauczyciele zacz\u0119li ju\u017c stawia\u0107 stopnie na przysz\u0142y rok. Zadzia\u0142a\u0142o!<\/p>\n","protected":false},"author":1,"featured_media":11427,"comment_status":"open","ping_status":"closed","sticky":false,"template":"","format":"standard","meta":{"footnotes":""},"categories":[1],"tags":[],"_links":{"self":[{"href":"https:\/\/blog.polityka.pl\/chetkowski\/wp-json\/wp\/v2\/posts\/12643"}],"collection":[{"href":"https:\/\/blog.polityka.pl\/chetkowski\/wp-json\/wp\/v2\/posts"}],"about":[{"href":"https:\/\/blog.polityka.pl\/chetkowski\/wp-json\/wp\/v2\/types\/post"}],"author":[{"embeddable":true,"href":"https:\/\/blog.polityka.pl\/chetkowski\/wp-json\/wp\/v2\/users\/1"}],"replies":[{"embeddable":true,"href":"https:\/\/blog.polityka.pl\/chetkowski\/wp-json\/wp\/v2\/comments?post=12643"}],"version-history":[{"count":2,"href":"https:\/\/blog.polityka.pl\/chetkowski\/wp-json\/wp\/v2\/posts\/12643\/revisions"}],"predecessor-version":[{"id":12645,"href":"https:\/\/blog.polityka.pl\/chetkowski\/wp-json\/wp\/v2\/posts\/12643\/revisions\/12645"}],"wp:featuredmedia":[{"embeddable":true,"href":"https:\/\/blog.polityka.pl\/chetkowski\/wp-json\/wp\/v2\/media\/11427"}],"wp:attachment":[{"href":"https:\/\/blog.polityka.pl\/chetkowski\/wp-json\/wp\/v2\/media?parent=12643"}],"wp:term":[{"taxonomy":"category","embeddable":true,"href":"https:\/\/blog.polityka.pl\/chetkowski\/wp-json\/wp\/v2\/categories?post=12643"},{"taxonomy":"post_tag","embeddable":true,"href":"https:\/\/blog.polityka.pl\/chetkowski\/wp-json\/wp\/v2\/tags?post=12643"}],"curies":[{"name":"wp","href":"https:\/\/api.w.org\/{rel}","templated":true}]}}