
{"id":12729,"date":"2022-07-25T09:48:05","date_gmt":"2022-07-25T07:48:05","guid":{"rendered":"http:\/\/chetkowski.blog.polityka.pl\/?p=12729"},"modified":"2022-07-25T13:22:27","modified_gmt":"2022-07-25T11:22:27","slug":"budzetowka-pikietuje-a-nauczyciele","status":"publish","type":"post","link":"https:\/\/blog.polityka.pl\/chetkowski\/2022\/07\/25\/budzetowka-pikietuje-a-nauczyciele\/","title":{"rendered":"Bud\u017cet\u00f3wka pikietuje, a nauczyciele?"},"content":{"rendered":"\n<p>OPZZ wzywa pracownik\u00f3w sfery bud\u017cetowej do udzia\u0142u w pikietach. Tak\u017ce nauczycieli. Domagamy si\u0119 20-proc. podwy\u017cki wynagrodze\u0144. O tak\u0105 podwy\u017ck\u0119 mamy walczy\u0107 wsp\u00f3lnie, tylko wtedy jest jaka\u015b szansa na osi\u0105gni\u0119cie celu. Problem jednak w tym, \u017ce niekt\u00f3rym nauczycielom rz\u0105d 20 proc. podwy\u017cki ju\u017c przyzna\u0142. Nie maj\u0105 wi\u0119c powodu, aby protestowa\u0107.<\/p>\n\n\n\n<!--more-->\n\n\n\n<p>PiS podzieli\u0142 nauczycieli. Najni\u017csze grupy awansu &#8211; sta\u017cy\u015bci i kontraktowi (po wakacjach b\u0119dzie z nich jedna grupa: pocz\u0105tkuj\u0105cy) \u2013 otrzymaj\u0105 od 1 wrze\u015bnia 20 proc. podwy\u017cki, natomiast mianowani i dyplomowani nic. Najstarsi pracownicy o\u015bwiaty maj\u0105 wi\u0119c pow\u00f3d, aby pikietowa\u0107, natomiast najm\u0142odsi nie. Sytuacja trudna. M\u0142odsi nauczyciele musieliby protestowa\u0107 w imi\u0119 solidarno\u015bci zawodowej, \u017ceby wesprze\u0107 starszych koleg\u00f3w, w osobistej sprawie nie musz\u0105.<\/p>\n\n\n\n<p>Na pikietach si\u0119 nie sko\u0144czy. To tylko przygrywka do wi\u0119kszego protestu jesieni\u0105. Je\u015bli mamy cokolwiek ugra\u0107, musimy wyst\u0105pi\u0107 razem. Po pierwsze, razem z ca\u0142\u0105 bud\u017cet\u00f3wk\u0105. Po drugie, razem jako grupa zawodowa. M\u0142odszym nauczycielom mo\u017ce si\u0119 podoba\u0107, i\u017c rz\u0105d zadba\u0142 tylko o nich. Musz\u0105 jednak pami\u0119ta\u0107, \u017ce gdy awansuj\u0105 na stopie\u0144 nauczyciela mianowanego, ich wynagrodzenie prawie si\u0119 nie zmieni (r\u00f3\u017cnica 171 z\u0142 brutto \u2013 szczeg\u00f3\u0142y <a href=\"https:\/\/samorzad.pap.pl\/kategoria\/edukacja\/nowe-stawki-wynagrodzenia-zasadniczego-nauczycieli-2022-r-rozporzadzenie\" target=\"_blank\" rel=\"noreferrer noopener\" aria-label=\"tutaj (opens in a new tab)\">tutaj<\/a>).&nbsp;<\/p>\n\n\n\n<p>Rz\u0105d przyj\u0105\u0142 absurdaln\u0105 zasad\u0119, \u017ce nauczycielskie wynagrodzenia maj\u0105 zosta\u0107 sp\u0142aszczone: r\u00f3\u017cnice mi\u0119dzy stopniami awansu b\u0119d\u0105 coraz mniejsze. Pocz\u0105tkuj\u0105cy i do\u015bwiadczony zarabiaj\u0105 podobnie. Nie ma r\u00f3\u017cnicy w wynagradzaniu tego, kt\u00f3ry si\u0119 wdra\u017ca do zawodu, i mistrza. I to jest dopiero pow\u00f3d do protestu.<\/p>\n\n\n\n<p>Miejsce i czas pikiet <a href=\"https:\/\/www.opzz.org.pl\/aktualnosci\/kraj\/opzz-czas-na-protest\" target=\"_blank\" rel=\"noreferrer noopener\" aria-label=\"tutaj (opens in a new tab)\">tutaj<\/a>.<\/p>\n","protected":false},"excerpt":{"rendered":"<p>OPZZ wzywa pracownik\u00f3w sfery bud\u017cetowej do udzia\u0142u w pikietach. Tak\u017ce nauczycieli. Domagamy si\u0119 20-proc. podwy\u017cki wynagrodze\u0144. O tak\u0105 podwy\u017ck\u0119 mamy walczy\u0107 wsp\u00f3lnie, tylko wtedy jest jaka\u015b szansa na osi\u0105gni\u0119cie celu. Problem jednak w tym, \u017ce niekt\u00f3rym nauczycielom rz\u0105d 20 proc. podwy\u017cki ju\u017c przyzna\u0142. Nie maj\u0105 wi\u0119c powodu, aby protestowa\u0107.<\/p>\n","protected":false},"author":1,"featured_media":11549,"comment_status":"open","ping_status":"closed","sticky":false,"template":"","format":"standard","meta":{"footnotes":""},"categories":[1],"tags":[],"_links":{"self":[{"href":"https:\/\/blog.polityka.pl\/chetkowski\/wp-json\/wp\/v2\/posts\/12729"}],"collection":[{"href":"https:\/\/blog.polityka.pl\/chetkowski\/wp-json\/wp\/v2\/posts"}],"about":[{"href":"https:\/\/blog.polityka.pl\/chetkowski\/wp-json\/wp\/v2\/types\/post"}],"author":[{"embeddable":true,"href":"https:\/\/blog.polityka.pl\/chetkowski\/wp-json\/wp\/v2\/users\/1"}],"replies":[{"embeddable":true,"href":"https:\/\/blog.polityka.pl\/chetkowski\/wp-json\/wp\/v2\/comments?post=12729"}],"version-history":[{"count":5,"href":"https:\/\/blog.polityka.pl\/chetkowski\/wp-json\/wp\/v2\/posts\/12729\/revisions"}],"predecessor-version":[{"id":12734,"href":"https:\/\/blog.polityka.pl\/chetkowski\/wp-json\/wp\/v2\/posts\/12729\/revisions\/12734"}],"wp:featuredmedia":[{"embeddable":true,"href":"https:\/\/blog.polityka.pl\/chetkowski\/wp-json\/wp\/v2\/media\/11549"}],"wp:attachment":[{"href":"https:\/\/blog.polityka.pl\/chetkowski\/wp-json\/wp\/v2\/media?parent=12729"}],"wp:term":[{"taxonomy":"category","embeddable":true,"href":"https:\/\/blog.polityka.pl\/chetkowski\/wp-json\/wp\/v2\/categories?post=12729"},{"taxonomy":"post_tag","embeddable":true,"href":"https:\/\/blog.polityka.pl\/chetkowski\/wp-json\/wp\/v2\/tags?post=12729"}],"curies":[{"name":"wp","href":"https:\/\/api.w.org\/{rel}","templated":true}]}}