
{"id":12740,"date":"2022-07-29T14:13:15","date_gmt":"2022-07-29T12:13:15","guid":{"rendered":"http:\/\/chetkowski.blog.polityka.pl\/?p=12740"},"modified":"2022-07-29T16:29:57","modified_gmt":"2022-07-29T14:29:57","slug":"czarnek-atakuje-sedzie-ktora-wydala-wyrok-nie-po-mysli-ministra","status":"publish","type":"post","link":"https:\/\/blog.polityka.pl\/chetkowski\/2022\/07\/29\/czarnek-atakuje-sedzie-ktora-wydala-wyrok-nie-po-mysli-ministra\/","title":{"rendered":"Czarnek atakuje s\u0119dzi\u0119, kt\u00f3ra wyda\u0142a wyrok nie po my\u015bli ministra"},"content":{"rendered":"\n<p>Mocnych s\u0142\u00f3w u\u017cy\u0142 minister edukacji i nauki, aby skomentowa\u0107 wyrok niezawis\u0142ego s\u0105du. A jeszcze mocniejszych, aby ukaza\u0107, co my\u015bli o s\u0119dzi, kt\u00f3ra ten wyrok wyda\u0142a.&nbsp;<\/p>\n\n\n\n<!--more-->\n\n\n\n<p>Chodzi o decyzj\u0119 w sprawie przebicia no\u017cem balonowej figury ze zdj\u0119ciem Marka J\u0119draszewskiego. Wg oskar\u017cyciela, sprawca zach\u0119ca\u0142 do zamordowania arcybiskupa, natomiast performer broni\u0142 si\u0119, i\u017c chodzi\u0142o mu tylko o spuszczenie z lalki powietrza. Mia\u0142o to symbolizowa\u0107 upadek katolickiego hierarchy. S\u0105d da\u0142 wiar\u0119 oskar\u017conemu i go uniewinni\u0142.<\/p>\n\n\n\n<p>Oburzy\u0142o to Przemys\u0142awa Czarnka. Zasugerowa\u0142, \u017ce s\u0119dzia jest sko\u0144czon\u0105 idiotk\u0105, zapyta\u0142 z pogard\u0105, jaki wydzia\u0142 sko\u0144czy\u0142a. Zaatakowa\u0142 te\u017c wymiar sprawiedliwo\u015bci, stwierdzi\u0142 bowiem, i\u017c postawa s\u0119dzi daje &#8222;obraz du\u017cej cz\u0119\u015bci polskiego s\u0105downictwa&#8221;. Mo\u017cna domniemywa\u0107, i\u017c ministrowi chodzi, \u017ce w s\u0105dach pracuj\u0105 sko\u0144czeni idioci, kt\u00f3rych wykszta\u0142cenie jest podejrzane. Oto postawa ministra edukacji i nauki \u2013 wi\u0119cej <a rel=\"noreferrer noopener\" aria-label=\"tutaj (opens in a new tab)\" href=\"https:\/\/www.o2.pl\/informacje\/czarnek-oburzony-wyrokiem-wstyd-pani-sedzio-6795205381544832a\" target=\"_blank\">tutaj<\/a>.<\/p>\n\n\n\n<p>Prawie rok temu Czarnek grzmia\u0142 w drug\u0105 stron\u0119. Powiedzia\u0142 \u2013 gdy decyzja by\u0142a po my\u015bli ministra \u2013 \u017ce \u201eBezczelny atak na wyrok niezale\u017cnego s\u0105du konstytucyjnego to powa\u017cne pogwa\u0142cenie niezawis\u0142o\u015bci s\u0105d\u00f3w\u201d. Doda\u0142, \u017ce taka krytyka \u201eto chamstwo\u201d (szczeg\u00f3\u0142y <a rel=\"noreferrer noopener\" aria-label=\"tutaj (opens in a new tab)\" href=\"https:\/\/www.tvp.info\/56481678\/prof-przemyslaw-czarnek-szef-mein-komentuje-slowa-szefowej-ke-ursuli-von-der-layen-unia-europejska-podwaza-wyrok-tk\" target=\"_blank\">tutaj<\/a>).<\/p>\n\n\n\n<p>Aby uspokoi\u0107 kameleona z MEiN, zapewni\u0119, \u017ce owa &#8222;sko\u0144czona idiotka&#8221; (nie moja opinia) zapewne si\u0119 poprawi: prosz\u0119 jej zatem nie przekre\u015bla\u0107. Nast\u0119pnym razem mo\u017ce uda jej si\u0119 dogodzi\u0107 Czarnkowi i wyda wyrok po jego my\u015bli. Wtedy by\u0107 mo\u017ce ja b\u0119d\u0119 krytykowa\u0142, a minister edukacji i nauki nazwie mnie sko\u0144czonym idiot\u0105 i zapyta, jaki wydzia\u0142 sko\u0144czy\u0142em, \u017ce o\u015bmielam si\u0119 atakowa\u0107 wyrok niezawis\u0142ego s\u0105du. Nie mog\u0119 si\u0119 doczeka\u0107, aby udzieli\u0107 ministrowi wyczerpuj\u0105cej odpowiedzi.<\/p>\n","protected":false},"excerpt":{"rendered":"<p>Mocnych s\u0142\u00f3w u\u017cy\u0142 minister edukacji i nauki, aby skomentowa\u0107 wyrok niezawis\u0142ego s\u0105du. A jeszcze mocniejszych, aby ukaza\u0107, co my\u015bli o s\u0119dzi, kt\u00f3ra ten wyrok wyda\u0142a.&nbsp;<\/p>\n","protected":false},"author":1,"featured_media":11387,"comment_status":"open","ping_status":"closed","sticky":false,"template":"","format":"standard","meta":{"footnotes":""},"categories":[1],"tags":[],"_links":{"self":[{"href":"https:\/\/blog.polityka.pl\/chetkowski\/wp-json\/wp\/v2\/posts\/12740"}],"collection":[{"href":"https:\/\/blog.polityka.pl\/chetkowski\/wp-json\/wp\/v2\/posts"}],"about":[{"href":"https:\/\/blog.polityka.pl\/chetkowski\/wp-json\/wp\/v2\/types\/post"}],"author":[{"embeddable":true,"href":"https:\/\/blog.polityka.pl\/chetkowski\/wp-json\/wp\/v2\/users\/1"}],"replies":[{"embeddable":true,"href":"https:\/\/blog.polityka.pl\/chetkowski\/wp-json\/wp\/v2\/comments?post=12740"}],"version-history":[{"count":12,"href":"https:\/\/blog.polityka.pl\/chetkowski\/wp-json\/wp\/v2\/posts\/12740\/revisions"}],"predecessor-version":[{"id":12753,"href":"https:\/\/blog.polityka.pl\/chetkowski\/wp-json\/wp\/v2\/posts\/12740\/revisions\/12753"}],"wp:featuredmedia":[{"embeddable":true,"href":"https:\/\/blog.polityka.pl\/chetkowski\/wp-json\/wp\/v2\/media\/11387"}],"wp:attachment":[{"href":"https:\/\/blog.polityka.pl\/chetkowski\/wp-json\/wp\/v2\/media?parent=12740"}],"wp:term":[{"taxonomy":"category","embeddable":true,"href":"https:\/\/blog.polityka.pl\/chetkowski\/wp-json\/wp\/v2\/categories?post=12740"},{"taxonomy":"post_tag","embeddable":true,"href":"https:\/\/blog.polityka.pl\/chetkowski\/wp-json\/wp\/v2\/tags?post=12740"}],"curies":[{"name":"wp","href":"https:\/\/api.w.org\/{rel}","templated":true}]}}