
{"id":12868,"date":"2022-09-17T12:53:29","date_gmt":"2022-09-17T10:53:29","guid":{"rendered":"http:\/\/chetkowski.blog.polityka.pl\/?p=12868"},"modified":"2022-09-18T19:04:07","modified_gmt":"2022-09-18T17:04:07","slug":"egzamin-maturalny-trzy-lata-spoznienia","status":"publish","type":"post","link":"https:\/\/blog.polityka.pl\/chetkowski\/2022\/09\/17\/egzamin-maturalny-trzy-lata-spoznienia\/","title":{"rendered":"Egzamin maturalny: trzy lata sp\u00f3\u017anienia"},"content":{"rendered":"\n<p>Centralna Komisja Egzaminacyjna opublikowa\u0142a materia\u0142y, kt\u00f3re koniecznie nale\u017cy wykorzysta\u0107 w nauczaniu j\u0119zyka polskiego w szkole maturalnej. Bez tego nie da si\u0119 przygotowa\u0107 uczni\u00f3w do egzaminu dojrza\u0142o\u015bci. Ucze\u0144 nie zda matury, je\u015bli nie przyswoi sobie tre\u015bci zawartych w tych materia\u0142ach.<\/p>\n\n\n\n<!--more-->\n\n\n\n<p>Materia\u0142y CKE <a href=\"https:\/\/cke.gov.pl\/egzamin-maturalny\/egzamin-maturalny-w-formule-2023\/materialy-dodatkowe\/materialy-informacyjno-szkoleniowe\/\" target=\"_blank\" rel=\"noreferrer noopener\" aria-label=\"tutaj (opens in a new tab)\">tutaj<\/a>.<\/p>\n\n\n\n<p>Trudno poj\u0105\u0107, dlaczego materia\u0142y te opublikowano tak p\u00f3\u017ano. Zaledwie dwa tygodnie przed egzaminem pr\u00f3bnym (28 wrze\u015bnia z j\u0119zyka polskiego w ca\u0142ym kraju pr\u00f3bna matura) i osiem miesi\u0119cy przed matur\u0105. Nauczyciele powinni mie\u0107 te materia\u0142y od pocz\u0105tku, aby m\u00f3c od pierwszej klasy uczy\u0107 w\u0142a\u015bciwie. Nie dostali\u015bmy jednak ich od pocz\u0105tku, poniewa\u017c w chwili og\u0142aszania zmian \u2013 czyli w roku 2019 &#8211; sama CKE nie mia\u0142a poj\u0119cia, jak b\u0119dzie wygl\u0105da\u0142a matura w roku 2023. Nauczyciele d\u0142ugo uczyli po staremu do egzaminu maturalnego, kt\u00f3ry mia\u0142 by\u0107 kompletnie inny. Dwa lata zmarnowane ca\u0142kowicie, od prawie roku wiemy, o co chodzi, teraz dostajemy solidn\u0105 pomoc.&nbsp;<\/p>\n\n\n\n<p>Przypomina to budow\u0119 autostrady, \u017ceby zd\u0105\u017cy\u0107 przed mistrzostwami. Nie b\u0119dzie parking\u00f3w ani stacji benzynowych, z dw\u00f3ch pas\u00f3w czynny b\u0119dzie tylko jeden. Kierowc\u00f3w czeka ruch wahad\u0142owy, jazda z dusz\u0105 na ramieniu, ale autostrada jest. Do niczego, ale jest. Jak tylko zaczniemy korzysta\u0107, zostanie og\u0142oszony remont.&nbsp;<\/p>\n\n\n\n<p>Cho\u0107 CKE traktuje niepowa\u017cnie swoje zobowi\u0105zania wobec maturzyst\u00f3w, ja traktuj\u0119 je bardzo powa\u017cnie Dlatego wstrzyma\u0142em realizacj\u0119 podstawy programowej, przestawi\u0142em si\u0119 ca\u0142kowicie na omawianie tych materia\u0142\u00f3w z uczniami klasy czwartej. M\u0142odzie\u017c w szoku. Dyrekcja postanowi\u0142a zatrudni\u0107 w szkole psychologa. Maturzyst\u00f3w b\u0119dzie przyjmowa\u0107 bez kolejki.<\/p>\n","protected":false},"excerpt":{"rendered":"<p>Centralna Komisja Egzaminacyjna opublikowa\u0142a materia\u0142y, kt\u00f3re koniecznie nale\u017cy wykorzysta\u0107 w nauczaniu j\u0119zyka polskiego w szkole maturalnej. Bez tego nie da si\u0119 przygotowa\u0107 uczni\u00f3w do egzaminu dojrza\u0142o\u015bci. Ucze\u0144 nie zda matury, je\u015bli nie przyswoi sobie tre\u015bci zawartych w tych materia\u0142ach.<\/p>\n","protected":false},"author":1,"featured_media":10101,"comment_status":"open","ping_status":"closed","sticky":false,"template":"","format":"standard","meta":{"footnotes":""},"categories":[1],"tags":[],"_links":{"self":[{"href":"https:\/\/blog.polityka.pl\/chetkowski\/wp-json\/wp\/v2\/posts\/12868"}],"collection":[{"href":"https:\/\/blog.polityka.pl\/chetkowski\/wp-json\/wp\/v2\/posts"}],"about":[{"href":"https:\/\/blog.polityka.pl\/chetkowski\/wp-json\/wp\/v2\/types\/post"}],"author":[{"embeddable":true,"href":"https:\/\/blog.polityka.pl\/chetkowski\/wp-json\/wp\/v2\/users\/1"}],"replies":[{"embeddable":true,"href":"https:\/\/blog.polityka.pl\/chetkowski\/wp-json\/wp\/v2\/comments?post=12868"}],"version-history":[{"count":4,"href":"https:\/\/blog.polityka.pl\/chetkowski\/wp-json\/wp\/v2\/posts\/12868\/revisions"}],"predecessor-version":[{"id":12874,"href":"https:\/\/blog.polityka.pl\/chetkowski\/wp-json\/wp\/v2\/posts\/12868\/revisions\/12874"}],"wp:featuredmedia":[{"embeddable":true,"href":"https:\/\/blog.polityka.pl\/chetkowski\/wp-json\/wp\/v2\/media\/10101"}],"wp:attachment":[{"href":"https:\/\/blog.polityka.pl\/chetkowski\/wp-json\/wp\/v2\/media?parent=12868"}],"wp:term":[{"taxonomy":"category","embeddable":true,"href":"https:\/\/blog.polityka.pl\/chetkowski\/wp-json\/wp\/v2\/categories?post=12868"},{"taxonomy":"post_tag","embeddable":true,"href":"https:\/\/blog.polityka.pl\/chetkowski\/wp-json\/wp\/v2\/tags?post=12868"}],"curies":[{"name":"wp","href":"https:\/\/api.w.org\/{rel}","templated":true}]}}