
{"id":12905,"date":"2022-10-09T11:57:02","date_gmt":"2022-10-09T09:57:02","guid":{"rendered":"http:\/\/chetkowski.blog.polityka.pl\/?p=12905"},"modified":"2022-10-09T11:57:02","modified_gmt":"2022-10-09T09:57:02","slug":"pozegnanie-trzydziestolatkow","status":"publish","type":"post","link":"https:\/\/blog.polityka.pl\/chetkowski\/2022\/10\/09\/pozegnanie-trzydziestolatkow\/","title":{"rendered":"Po\u017cegnanie trzydziestolatk\u00f3w"},"content":{"rendered":"\n<p>Szko\u0142y \u017cegnaj\u0105 si\u0119 z m\u0142odymi nauczycielami. Ci odchodz\u0105 najszybciej. Zostaj\u0105 starsi, cho\u0107 im te\u017c coraz trudniej wytrwa\u0107 w tym zawodzie.&nbsp;<\/p>\n\n\n\n<!--more-->\n\n\n\n<p>Nasze liceum \u2013 jak zauwa\u017cy\u0142 w wywiadzie dla G\u0142osu Nauczycielskiego m\u00f3j zacny kolega \u2013 opu\u015bci\u0142a ostatnia trzydziestolatka. Przesz\u0142a do bran\u017cy IT (ca\u0142a wypowied\u017a, tak\u017ce o nauczaniu historii i tera\u017aniejszo\u015bci, <a href=\"https:\/\/glos.pl\/co-z-tym-hit-krzysztof-bilski-na-razie-jestem-w-szoku-zobacze-co-bedzie-dalej\" target=\"_blank\" rel=\"noreferrer noopener\" aria-label=\"tutaj (opens in a new tab)\">tutaj<\/a>).<\/p>\n\n\n\n<p>Jej odej\u015bcie wywo\u0142a\u0142o dyskusj\u0119 w\u015br\u00f3d znacznie starszych kole\u017canek i koleg\u00f3w. Doszli do wniosku, \u017ce w szkole trzyma ich to, \u017ce tylko potrafi\u0105 uczy\u0107. Do innej roboty si\u0119 nie nadaj\u0105.<\/p>\n\n\n\n<p>Wcze\u015bniej opu\u015bci\u0142 nas przedostatni trzydziestolatek, r\u00f3wnie\u017c przeszed\u0142 do bran\u017cy IT. Pok\u00f3j nauczycielski zrobi\u0142 si\u0119 tak omsza\u0142y, \u017ce uczni\u00f3w trzeba uczy\u0107, jak maj\u0105 rozmawia\u0107 ze starymi nauczycielami. Jak z kosmitami \u2013 \u017cartuj\u0119 \u2013 ale nikt si\u0119 nie \u015bmieje.<\/p>\n","protected":false},"excerpt":{"rendered":"<p>Szko\u0142y \u017cegnaj\u0105 si\u0119 z m\u0142odymi nauczycielami. Ci odchodz\u0105 najszybciej. Zostaj\u0105 starsi, cho\u0107 im te\u017c coraz trudniej wytrwa\u0107 w tym zawodzie.&nbsp;<\/p>\n","protected":false},"author":1,"featured_media":0,"comment_status":"open","ping_status":"closed","sticky":false,"template":"","format":"standard","meta":{"footnotes":""},"categories":[1],"tags":[],"_links":{"self":[{"href":"https:\/\/blog.polityka.pl\/chetkowski\/wp-json\/wp\/v2\/posts\/12905"}],"collection":[{"href":"https:\/\/blog.polityka.pl\/chetkowski\/wp-json\/wp\/v2\/posts"}],"about":[{"href":"https:\/\/blog.polityka.pl\/chetkowski\/wp-json\/wp\/v2\/types\/post"}],"author":[{"embeddable":true,"href":"https:\/\/blog.polityka.pl\/chetkowski\/wp-json\/wp\/v2\/users\/1"}],"replies":[{"embeddable":true,"href":"https:\/\/blog.polityka.pl\/chetkowski\/wp-json\/wp\/v2\/comments?post=12905"}],"version-history":[{"count":2,"href":"https:\/\/blog.polityka.pl\/chetkowski\/wp-json\/wp\/v2\/posts\/12905\/revisions"}],"predecessor-version":[{"id":12907,"href":"https:\/\/blog.polityka.pl\/chetkowski\/wp-json\/wp\/v2\/posts\/12905\/revisions\/12907"}],"wp:attachment":[{"href":"https:\/\/blog.polityka.pl\/chetkowski\/wp-json\/wp\/v2\/media?parent=12905"}],"wp:term":[{"taxonomy":"category","embeddable":true,"href":"https:\/\/blog.polityka.pl\/chetkowski\/wp-json\/wp\/v2\/categories?post=12905"},{"taxonomy":"post_tag","embeddable":true,"href":"https:\/\/blog.polityka.pl\/chetkowski\/wp-json\/wp\/v2\/tags?post=12905"}],"curies":[{"name":"wp","href":"https:\/\/api.w.org\/{rel}","templated":true}]}}