
{"id":12916,"date":"2022-10-12T19:06:07","date_gmt":"2022-10-12T17:06:07","guid":{"rendered":"http:\/\/chetkowski.blog.polityka.pl\/?p=12916"},"modified":"2022-10-13T07:13:15","modified_gmt":"2022-10-13T05:13:15","slug":"pani-profesor-babcia-pan-profesor-dziadek","status":"publish","type":"post","link":"https:\/\/blog.polityka.pl\/chetkowski\/2022\/10\/12\/pani-profesor-babcia-pan-profesor-dziadek\/","title":{"rendered":"Pani profesor babcia, pan profesor dziadek"},"content":{"rendered":"\n<p>Uczniowskie \u017carty wiele m\u00f3wi\u0105 o szkolnej rzeczywisto\u015bci. Dawniej o nauczycielach m\u0142odzie\u017c m\u00f3wi\u0142a per ciocia, wujek, teraz wydajemy si\u0119 uczniom zbyt starzy, aby tak nas nazywa\u0107.<\/p>\n\n\n\n<!--more-->\n\n\n\n<p>Pami\u0119tam, jak pierwszy raz zobaczy\u0142em w przedstawieniu studni\u00f3wkowym, i\u017c jestem wujkiem, a kole\u017canka polonistka cioci\u0105. Oboje byli\u015bmy 30-latkami, wi\u0119c takie okre\u015blenia nas zdziwi\u0142y. Dzisiaj nie musimy si\u0119 martwi\u0107, \u017ce kto\u015b tak o nas powie.<\/p>\n\n\n\n<p>Nieraz na korytarzu s\u0142ysz\u0119, jak uczniowie nazywaj\u0105 nas dziadkami albo babciami. Nie powinni\u015bmy si\u0119 obra\u017ca\u0107. W ko\u0144cu najbardziej ekscytuj\u0105cym zaj\u0119ciem w pokoju nauczycielskim jest pokazywanie zdj\u0119\u0107 wnuk\u00f3w. Nie wszystkich nauczycieli spotka\u0142o to szcz\u0119\u015bcie, \u017ceby by\u0107 babci\u0105 czy dziadkiem, ale niewiele ju\u017c brakuje.&nbsp;<\/p>\n\n\n\n<p>Jak tak dalej p\u00f3jdzie, w szko\u0142ach b\u0119d\u0105 pracowa\u0107 wy\u0142\u0105cznie staruszki i starcy. Niedawno wpad\u0142 do mnie na lekcj\u0119 absolwent. Zach\u0119ci\u0142em go, aby poszed\u0142 te\u017c do swojej wychowawczyni. Zareagowa\u0142 zdziwieniem: \u201eTo ona jeszcze \u017cyje?\u201d. \u017byje i ma si\u0119 dobrze, mo\u017ce nawet zostanie prababci\u0105.<\/p>\n","protected":false},"excerpt":{"rendered":"<p>Uczniowskie \u017carty wiele m\u00f3wi\u0105 o szkolnej rzeczywisto\u015bci. Dawniej o nauczycielach m\u0142odzie\u017c m\u00f3wi\u0142a per ciocia, wujek, teraz wydajemy si\u0119 uczniom zbyt starzy, aby tak nas nazywa\u0107.<\/p>\n","protected":false},"author":1,"featured_media":11738,"comment_status":"open","ping_status":"closed","sticky":false,"template":"","format":"standard","meta":{"footnotes":""},"categories":[1],"tags":[],"_links":{"self":[{"href":"https:\/\/blog.polityka.pl\/chetkowski\/wp-json\/wp\/v2\/posts\/12916"}],"collection":[{"href":"https:\/\/blog.polityka.pl\/chetkowski\/wp-json\/wp\/v2\/posts"}],"about":[{"href":"https:\/\/blog.polityka.pl\/chetkowski\/wp-json\/wp\/v2\/types\/post"}],"author":[{"embeddable":true,"href":"https:\/\/blog.polityka.pl\/chetkowski\/wp-json\/wp\/v2\/users\/1"}],"replies":[{"embeddable":true,"href":"https:\/\/blog.polityka.pl\/chetkowski\/wp-json\/wp\/v2\/comments?post=12916"}],"version-history":[{"count":2,"href":"https:\/\/blog.polityka.pl\/chetkowski\/wp-json\/wp\/v2\/posts\/12916\/revisions"}],"predecessor-version":[{"id":12918,"href":"https:\/\/blog.polityka.pl\/chetkowski\/wp-json\/wp\/v2\/posts\/12916\/revisions\/12918"}],"wp:featuredmedia":[{"embeddable":true,"href":"https:\/\/blog.polityka.pl\/chetkowski\/wp-json\/wp\/v2\/media\/11738"}],"wp:attachment":[{"href":"https:\/\/blog.polityka.pl\/chetkowski\/wp-json\/wp\/v2\/media?parent=12916"}],"wp:term":[{"taxonomy":"category","embeddable":true,"href":"https:\/\/blog.polityka.pl\/chetkowski\/wp-json\/wp\/v2\/categories?post=12916"},{"taxonomy":"post_tag","embeddable":true,"href":"https:\/\/blog.polityka.pl\/chetkowski\/wp-json\/wp\/v2\/tags?post=12916"}],"curies":[{"name":"wp","href":"https:\/\/api.w.org\/{rel}","templated":true}]}}