
{"id":12919,"date":"2022-10-14T07:43:50","date_gmt":"2022-10-14T05:43:50","guid":{"rendered":"http:\/\/chetkowski.blog.polityka.pl\/?p=12919"},"modified":"2022-10-14T07:45:00","modified_gmt":"2022-10-14T05:45:00","slug":"dyspensa-z-okazji-dnia-nauczyciela","status":"publish","type":"post","link":"https:\/\/blog.polityka.pl\/chetkowski\/2022\/10\/14\/dyspensa-z-okazji-dnia-nauczyciela\/","title":{"rendered":"Dyspensa z okazji Dnia Nauczyciela"},"content":{"rendered":"\n<p>W Dniu Edukacji Narodowej nauczyciele b\u0119d\u0105 \u015bwi\u0119towa\u0107. W wielu szko\u0142ach organizuje si\u0119 uroczyste obiady, podczas kt\u00f3rych b\u0119dzie si\u0119 jad\u0142o mi\u0119so. A przecie\u017c to pi\u0105tek, dzie\u0144 postny. Nie pomy\u015bla\u0142em o tym w og\u00f3le, na szcz\u0119\u015bcie pomy\u015bleli inni.<\/p>\n\n\n\n<!--more-->\n\n\n\n<p>Dowiedzia\u0142em si\u0119, \u017ce problem ten dr\u0119czy\u0142 najbardziej religijne osoby w radzie pedagogicznej, w tym katechet\u00f3w. Cho\u0107 religijno\u015b\u0107 uczni\u00f3w spada, to nauczycieli ro\u015bnie. A zatem mi\u0119so i zabawa w pi\u0105tek to powa\u017cny problem.<\/p>\n\n\n\n<p>Zadzwoniono wi\u0119c do biskupa i zapytano, co mamy robi\u0107. I\u015b\u0107 do restauracji i ograniczy\u0107 si\u0119 do sa\u0142atki i czystej wody, czy pozwoli\u0107 sobie na wi\u0119cej? A co z ta\u0144cami, gdyby kogo\u015b nasz\u0142a ochota, aby si\u0119 rozhula\u0107. W pi\u0105tek?<\/p>\n\n\n\n<p>Dowiedzia\u0142em si\u0119 z wiarygodnego \u017ar\u00f3d\u0142a, gdy\u017c od katechety, \u017ce otrzymali\u015bmy dyspens\u0119. Kamie\u0144 spad\u0142 nauczycielom z serca. Mo\u017cemy dzisiaj hula\u0107 z czystym sumieniem. Przypominam jednak, \u017ce dyspensa dotyczy tylko \u0142\u00f3dzkich nauczycieli. Inni musz\u0105 uwa\u017ca\u0107, aby dzisiaj, w dniu nauczycielskiego \u015bwi\u0119ta, nie zgrzeszy\u0107. Chyba \u017ce te\u017c dzwonili do biskupa i prosili o pozwolenie.<\/p>\n","protected":false},"excerpt":{"rendered":"<p>W Dniu Edukacji Narodowej nauczyciele b\u0119d\u0105 \u015bwi\u0119towa\u0107. W wielu szko\u0142ach organizuje si\u0119 uroczyste obiady, podczas kt\u00f3rych b\u0119dzie si\u0119 jad\u0142o mi\u0119so. A przecie\u017c to pi\u0105tek, dzie\u0144 postny. Nie pomy\u015bla\u0142em o tym w og\u00f3le, na szcz\u0119\u015bcie pomy\u015bleli inni.<\/p>\n","protected":false},"author":1,"featured_media":0,"comment_status":"open","ping_status":"closed","sticky":false,"template":"","format":"standard","meta":{"footnotes":""},"categories":[1],"tags":[],"_links":{"self":[{"href":"https:\/\/blog.polityka.pl\/chetkowski\/wp-json\/wp\/v2\/posts\/12919"}],"collection":[{"href":"https:\/\/blog.polityka.pl\/chetkowski\/wp-json\/wp\/v2\/posts"}],"about":[{"href":"https:\/\/blog.polityka.pl\/chetkowski\/wp-json\/wp\/v2\/types\/post"}],"author":[{"embeddable":true,"href":"https:\/\/blog.polityka.pl\/chetkowski\/wp-json\/wp\/v2\/users\/1"}],"replies":[{"embeddable":true,"href":"https:\/\/blog.polityka.pl\/chetkowski\/wp-json\/wp\/v2\/comments?post=12919"}],"version-history":[{"count":2,"href":"https:\/\/blog.polityka.pl\/chetkowski\/wp-json\/wp\/v2\/posts\/12919\/revisions"}],"predecessor-version":[{"id":12921,"href":"https:\/\/blog.polityka.pl\/chetkowski\/wp-json\/wp\/v2\/posts\/12919\/revisions\/12921"}],"wp:attachment":[{"href":"https:\/\/blog.polityka.pl\/chetkowski\/wp-json\/wp\/v2\/media?parent=12919"}],"wp:term":[{"taxonomy":"category","embeddable":true,"href":"https:\/\/blog.polityka.pl\/chetkowski\/wp-json\/wp\/v2\/categories?post=12919"},{"taxonomy":"post_tag","embeddable":true,"href":"https:\/\/blog.polityka.pl\/chetkowski\/wp-json\/wp\/v2\/tags?post=12919"}],"curies":[{"name":"wp","href":"https:\/\/api.w.org\/{rel}","templated":true}]}}