
{"id":13163,"date":"2023-02-13T18:38:44","date_gmt":"2023-02-13T17:38:44","guid":{"rendered":"http:\/\/chetkowski.blog.polityka.pl\/?p=13163"},"modified":"2023-02-14T09:31:14","modified_gmt":"2023-02-14T08:31:14","slug":"mature-z-polskiego-da-sie-zdac-bez-wypracowania","status":"publish","type":"post","link":"https:\/\/blog.polityka.pl\/chetkowski\/2023\/02\/13\/mature-z-polskiego-da-sie-zdac-bez-wypracowania\/","title":{"rendered":"Matur\u0119 z polskiego da si\u0119 zda\u0107 bez wypracowania"},"content":{"rendered":"\n<p>Stara matura \u2013 obowi\u0105zuj\u0105ca do roku 2022 \u2013 zmusza\u0142a zdaj\u0105cych do napisania wypracowania (j\u0119zyk polski, poziom podstawowy). Bez tego nie mo\u017cna by\u0142o osi\u0105gn\u0105\u0107 wymaganego minimum (30 proc.) Nowa matura \u2013 wchodz\u0105ca w \u017cycie w tym roku \u2013 jest tak pomy\u015blana, aby da\u0142o si\u0119 j\u0105 zda\u0107 bez napisania tekstu w\u0142asnego.<\/p>\n\n\n\n<!--more-->\n\n\n\n<p>Stara matura dawa\u0142a 20 punkt\u00f3w za test i 50 za wypracowanie (razem 70 punkt\u00f3w). \u017beby zda\u0107, nale\u017ca\u0142o otrzyma\u0107 co najmniej 21 punkt\u00f3w. Bez wypracowania si\u0119 nie da.<\/p>\n\n\n\n<p>Nowa matura daje 25 punkt\u00f3w za test (arkusz <a rel=\"noreferrer noopener\" aria-label=\"tutaj (opens in a new tab)\" href=\"https:\/\/cke.gov.pl\/images\/_EGZAMIN_MATURALNY_OD_2023\/materialy_dodatkowe\/diagnostyczne_12\/polski\/MPOP-P1-100-2212.pdf\" target=\"_blank\">tutaj<\/a>) i 35 za wypracowanie (arkusz <a href=\"https:\/\/cke.gov.pl\/images\/_EGZAMIN_MATURALNY_OD_2023\/materialy_dodatkowe\/diagnostyczne_12\/polski\/MPOP-P2-100-2212.pdf\" target=\"_blank\" rel=\"noreferrer noopener\" aria-label=\"tutaj (opens in a new tab)\">tutaj<\/a>). Razem 60 punkt\u00f3w. \u017beby j\u0105 zda\u0107, trzeba zdoby\u0107 minimum 18 punkt\u00f3w (30 proc.). Wystarczy zdoby\u0107 72 proc. punkt\u00f3w za sam test, a wypracowania w og\u00f3le nie pisa\u0107 &#8211; i matura jest zdana.<\/p>\n\n\n\n<p>To gest w stron\u0119 maturzyst\u00f3w, kt\u00f3rzy nie pisz\u0105 wypracowania, bo nie potrafi\u0105. Jest ich ca\u0142kiem sporo. Gdy by\u0142em czynnym egzaminatorem, trafia\u0142y mi si\u0119 takie arkusze. Nie da\u0142o si\u0119 nic z nimi zrobi\u0107. Maturzysta musia\u0142 nauczy\u0107 si\u0119 pisa\u0107 d\u0142u\u017cszy tekst (wtedy na minimum 250 wyraz\u00f3w). Teraz ju\u017c nie musi. Mo\u017ce si\u0119 skupi\u0107 na rozwi\u0105zywaniu zada\u0144.<\/p>\n","protected":false},"excerpt":{"rendered":"<p>Stara matura \u2013 obowi\u0105zuj\u0105ca do roku 2022 \u2013 zmusza\u0142a zdaj\u0105cych do napisania wypracowania (j\u0119zyk polski, poziom podstawowy). Bez tego nie mo\u017cna by\u0142o osi\u0105gn\u0105\u0107 wymaganego minimum (30 proc.) Nowa matura \u2013 wchodz\u0105ca w \u017cycie w tym roku \u2013 jest tak pomy\u015blana, aby da\u0142o si\u0119 j\u0105 zda\u0107 bez napisania tekstu w\u0142asnego.<\/p>\n","protected":false},"author":1,"featured_media":11069,"comment_status":"open","ping_status":"closed","sticky":false,"template":"","format":"standard","meta":{"footnotes":""},"categories":[1],"tags":[],"_links":{"self":[{"href":"https:\/\/blog.polityka.pl\/chetkowski\/wp-json\/wp\/v2\/posts\/13163"}],"collection":[{"href":"https:\/\/blog.polityka.pl\/chetkowski\/wp-json\/wp\/v2\/posts"}],"about":[{"href":"https:\/\/blog.polityka.pl\/chetkowski\/wp-json\/wp\/v2\/types\/post"}],"author":[{"embeddable":true,"href":"https:\/\/blog.polityka.pl\/chetkowski\/wp-json\/wp\/v2\/users\/1"}],"replies":[{"embeddable":true,"href":"https:\/\/blog.polityka.pl\/chetkowski\/wp-json\/wp\/v2\/comments?post=13163"}],"version-history":[{"count":1,"href":"https:\/\/blog.polityka.pl\/chetkowski\/wp-json\/wp\/v2\/posts\/13163\/revisions"}],"predecessor-version":[{"id":13164,"href":"https:\/\/blog.polityka.pl\/chetkowski\/wp-json\/wp\/v2\/posts\/13163\/revisions\/13164"}],"wp:featuredmedia":[{"embeddable":true,"href":"https:\/\/blog.polityka.pl\/chetkowski\/wp-json\/wp\/v2\/media\/11069"}],"wp:attachment":[{"href":"https:\/\/blog.polityka.pl\/chetkowski\/wp-json\/wp\/v2\/media?parent=13163"}],"wp:term":[{"taxonomy":"category","embeddable":true,"href":"https:\/\/blog.polityka.pl\/chetkowski\/wp-json\/wp\/v2\/categories?post=13163"},{"taxonomy":"post_tag","embeddable":true,"href":"https:\/\/blog.polityka.pl\/chetkowski\/wp-json\/wp\/v2\/tags?post=13163"}],"curies":[{"name":"wp","href":"https:\/\/api.w.org\/{rel}","templated":true}]}}