
{"id":13173,"date":"2023-02-22T19:02:36","date_gmt":"2023-02-22T18:02:36","guid":{"rendered":"http:\/\/chetkowski.blog.polityka.pl\/?p=13173"},"modified":"2023-02-23T12:33:27","modified_gmt":"2023-02-23T11:33:27","slug":"bardzo-drogie-wycieczki-szkolne-ale-chetnych-nie-brakuje","status":"publish","type":"post","link":"https:\/\/blog.polityka.pl\/chetkowski\/2023\/02\/22\/bardzo-drogie-wycieczki-szkolne-ale-chetnych-nie-brakuje\/","title":{"rendered":"Bardzo drogie wycieczki szkolne, ale ch\u0119tnych nie brakuje"},"content":{"rendered":"\n<p>To ju\u017c nie te czasy, kiedy nauczyciel zabiera\u0142 uczni\u00f3w poci\u0105giem, rezerwowa\u0142 pokoje w schronisku lub hostelu, sam oprowadza\u0142 po interesuj\u0105cych miejscach, a wieczorem integrowa\u0142 klas\u0119 przy ognisku. Teraz wycieczk\u0119 szkoln\u0105 kupuje si\u0119 w firmie. A to kosztuje.<\/p>\n\n\n\n<!--more-->\n\n\n\n<p>Mimo \u017ce wycieczki bardzo podro\u017ca\u0142y, ch\u0119tnych nie brakuje. Gdy klasa si\u0119 zastanawia, inna natychmiast wchodzi na jej miejsce i ta pierwsza zostaje z niczym. Nie ma wolnych termin\u00f3w, nie ma lepszych ofert. Taniej nie b\u0119dzie, mo\u017ce by\u0107 tylko dro\u017cej. Decydujcie si\u0119, bo inne szko\u0142y czekaj\u0105.<\/p>\n\n\n\n<p>Uczniowie s\u0105 g\u0142odni wyjazd\u00f3w, a firmy zarobk\u00f3w. Wi\u0119kszo\u015b\u0107 rodzic\u00f3w akceptuje wysokie koszty, byle tylko dziecko wreszcie pojecha\u0142o na jak\u0105\u015b wycieczk\u0119. Zgrzytaj\u0105 z\u0119bami, ale p\u0142ac\u0105. Tylko nieliczni nie po\u015bl\u0105 \u2013 za takie pieni\u0105dze! \u2013 swojego dziecka na wycieczk\u0119 z r\u00f3wie\u015bnikami.&nbsp;<\/p>\n\n\n\n<p>Wiosn\u0105, gdy zacznie si\u0119 sezon wycieczkowy, na trasach turystycznych b\u0119d\u0105 t\u0142umy. Co po pi\u0119knej pogodzie, co po wszystkich atrakcjach, gdy wsz\u0119dzie czeka nas \u015bcisk. Niekt\u00f3re firmy od razu ostrzegaj\u0105, \u017ce w tym terminie w hotelu b\u0119dzie nocowa\u0107 siedem szk\u00f3\u0142. Czy chcemy do\u0142\u0105czy\u0107 jako \u00f3sma? A mamy inne wyj\u015bcie?<\/p>\n","protected":false},"excerpt":{"rendered":"<p>To ju\u017c nie te czasy, kiedy nauczyciel zabiera\u0142 uczni\u00f3w poci\u0105giem, rezerwowa\u0142 pokoje w schronisku lub hostelu, sam oprowadza\u0142 po interesuj\u0105cych miejscach, a wieczorem integrowa\u0142 klas\u0119 przy ognisku. Teraz wycieczk\u0119 szkoln\u0105 kupuje si\u0119 w firmie. A to kosztuje.<\/p>\n","protected":false},"author":1,"featured_media":12775,"comment_status":"open","ping_status":"closed","sticky":false,"template":"","format":"standard","meta":{"footnotes":""},"categories":[1],"tags":[],"_links":{"self":[{"href":"https:\/\/blog.polityka.pl\/chetkowski\/wp-json\/wp\/v2\/posts\/13173"}],"collection":[{"href":"https:\/\/blog.polityka.pl\/chetkowski\/wp-json\/wp\/v2\/posts"}],"about":[{"href":"https:\/\/blog.polityka.pl\/chetkowski\/wp-json\/wp\/v2\/types\/post"}],"author":[{"embeddable":true,"href":"https:\/\/blog.polityka.pl\/chetkowski\/wp-json\/wp\/v2\/users\/1"}],"replies":[{"embeddable":true,"href":"https:\/\/blog.polityka.pl\/chetkowski\/wp-json\/wp\/v2\/comments?post=13173"}],"version-history":[{"count":1,"href":"https:\/\/blog.polityka.pl\/chetkowski\/wp-json\/wp\/v2\/posts\/13173\/revisions"}],"predecessor-version":[{"id":13174,"href":"https:\/\/blog.polityka.pl\/chetkowski\/wp-json\/wp\/v2\/posts\/13173\/revisions\/13174"}],"wp:featuredmedia":[{"embeddable":true,"href":"https:\/\/blog.polityka.pl\/chetkowski\/wp-json\/wp\/v2\/media\/12775"}],"wp:attachment":[{"href":"https:\/\/blog.polityka.pl\/chetkowski\/wp-json\/wp\/v2\/media?parent=13173"}],"wp:term":[{"taxonomy":"category","embeddable":true,"href":"https:\/\/blog.polityka.pl\/chetkowski\/wp-json\/wp\/v2\/categories?post=13173"},{"taxonomy":"post_tag","embeddable":true,"href":"https:\/\/blog.polityka.pl\/chetkowski\/wp-json\/wp\/v2\/tags?post=13173"}],"curies":[{"name":"wp","href":"https:\/\/api.w.org\/{rel}","templated":true}]}}