
{"id":13180,"date":"2023-02-28T16:00:04","date_gmt":"2023-02-28T15:00:04","guid":{"rendered":"http:\/\/chetkowski.blog.polityka.pl\/?p=13180"},"modified":"2023-02-28T16:10:48","modified_gmt":"2023-02-28T15:10:48","slug":"podwyzka-wynagrodzen-juz-jutro","status":"publish","type":"post","link":"https:\/\/blog.polityka.pl\/chetkowski\/2023\/02\/28\/podwyzka-wynagrodzen-juz-jutro\/","title":{"rendered":"Podwy\u017cka wynagrodze\u0144 ju\u017c jutro"},"content":{"rendered":"\n<p>Nauczyciele otrzymuj\u0105 wynagrodzenie z g\u00f3ry pierwszego dnia miesi\u0105ca. Dlatego podwy\u017ck\u0119, kt\u00f3r\u0105 kilka dni temu podpisa\u0142 minister Czarnek, otrzymaj\u0105 ju\u017c jutro. Pensja marcowa powinna by\u0107 wy\u017csza o ponad 20 procent. Nie wolno si\u0119 jednak do tej kwoty przyzwyczaja\u0107, gdy\u017c w kwietniu i kolejnych miesi\u0105cach ju\u017c taka nie b\u0119dzie, tylko znacznie ni\u017csza.<\/p>\n\n\n\n<!--more-->\n\n\n\n<p>Podwy\u017cka wynosi zaledwie 7,8 proc. (znacznie poni\u017cej inflacji). Jednak przyznano nam j\u0105 od 1 stycznia, zatem w poborach marcowych powinni\u015bmy otrzyma\u0107 wyr\u00f3wnanie (trzykrotno\u015b\u0107 podwy\u017cki). W kwietniu i kolejnych miesi\u0105cach wynagrodzenie znowu spadnie. B\u0119dziemy zapewne w\u015bciekli. Dlatego ZNP domaga si\u0119, aby nasze wynagrodzenia wzros\u0142y o 20 proc. (nieco ponad inflacj\u0119).<\/p>\n\n\n\n<p>Marzec w og\u00f3le b\u0119dzie dobry dla nauczycieli. Otrzymamy bowiem \u2013 podobnie jak ca\u0142a bud\u017cet\u00f3wka \u2013 trzynastk\u0119. W \u0142\u00f3dzkich szko\u0142ach przewidziana jest na po\u0142ow\u0119 miesi\u0105ca (tak twierdzi ksi\u0119gowa). Dzi\u0119ki trzynastce raz w roku nauczyciel mo\u017ce poczu\u0107 satysfakcj\u0119. Wi\u0119ksze zadowolenie \u2013 dzi\u0119ki czternastce &#8211; czeka go dopiero na emeryturze. To ju\u017c nied\u0142ugo (\u015brednia wieku nauczycieli to prawie 50 lat &#8211; i stale ro\u015bnie).<\/p>\n","protected":false},"excerpt":{"rendered":"<p>Nauczyciele otrzymuj\u0105 wynagrodzenie z g\u00f3ry pierwszego dnia miesi\u0105ca. Dlatego podwy\u017ck\u0119, kt\u00f3r\u0105 kilka dni temu podpisa\u0142 minister Czarnek, otrzymaj\u0105 ju\u017c jutro. Pensja marcowa powinna by\u0107 wy\u017csza o ponad 20 procent. Nie wolno si\u0119 jednak do tej kwoty przyzwyczaja\u0107, gdy\u017c w kwietniu i kolejnych miesi\u0105cach ju\u017c taka nie b\u0119dzie, tylko znacznie ni\u017csza.<\/p>\n","protected":false},"author":1,"featured_media":11197,"comment_status":"open","ping_status":"closed","sticky":false,"template":"","format":"standard","meta":{"footnotes":""},"categories":[1],"tags":[],"_links":{"self":[{"href":"https:\/\/blog.polityka.pl\/chetkowski\/wp-json\/wp\/v2\/posts\/13180"}],"collection":[{"href":"https:\/\/blog.polityka.pl\/chetkowski\/wp-json\/wp\/v2\/posts"}],"about":[{"href":"https:\/\/blog.polityka.pl\/chetkowski\/wp-json\/wp\/v2\/types\/post"}],"author":[{"embeddable":true,"href":"https:\/\/blog.polityka.pl\/chetkowski\/wp-json\/wp\/v2\/users\/1"}],"replies":[{"embeddable":true,"href":"https:\/\/blog.polityka.pl\/chetkowski\/wp-json\/wp\/v2\/comments?post=13180"}],"version-history":[{"count":1,"href":"https:\/\/blog.polityka.pl\/chetkowski\/wp-json\/wp\/v2\/posts\/13180\/revisions"}],"predecessor-version":[{"id":13181,"href":"https:\/\/blog.polityka.pl\/chetkowski\/wp-json\/wp\/v2\/posts\/13180\/revisions\/13181"}],"wp:featuredmedia":[{"embeddable":true,"href":"https:\/\/blog.polityka.pl\/chetkowski\/wp-json\/wp\/v2\/media\/11197"}],"wp:attachment":[{"href":"https:\/\/blog.polityka.pl\/chetkowski\/wp-json\/wp\/v2\/media?parent=13180"}],"wp:term":[{"taxonomy":"category","embeddable":true,"href":"https:\/\/blog.polityka.pl\/chetkowski\/wp-json\/wp\/v2\/categories?post=13180"},{"taxonomy":"post_tag","embeddable":true,"href":"https:\/\/blog.polityka.pl\/chetkowski\/wp-json\/wp\/v2\/tags?post=13180"}],"curies":[{"name":"wp","href":"https:\/\/api.w.org\/{rel}","templated":true}]}}