
{"id":13187,"date":"2023-03-03T17:31:56","date_gmt":"2023-03-03T16:31:56","guid":{"rendered":"http:\/\/chetkowski.blog.polityka.pl\/?p=13187"},"modified":"2023-03-03T17:31:56","modified_gmt":"2023-03-03T16:31:56","slug":"te-same-prawa-dla-uczniow-i-nauczycieli","status":"publish","type":"post","link":"https:\/\/blog.polityka.pl\/chetkowski\/2023\/03\/03\/te-same-prawa-dla-uczniow-i-nauczycieli\/","title":{"rendered":"Te same prawa dla uczni\u00f3w i nauczycieli"},"content":{"rendered":"\n<p>Uczniowie chc\u0105 mie\u0107 prawo nie zmienia\u0107 but\u00f3w (nauczyciele nie zmieniaj\u0105), sp\u00f3\u017ania\u0107 si\u0119 na lekcje bez konsekwencji (nauczyciele tak robi\u0105), korzysta\u0107 z telefon\u00f3w, gdy maj\u0105 tak\u0105 potrzeb\u0119 (nauczyciele si\u0119 nie ograniczaj\u0105).&nbsp;<\/p>\n\n\n\n<!--more-->\n\n\n\n<p>Chc\u0105 te\u017c siedzie\u0107 w mi\u0119kkich fotelach, a nie na twardych krzes\u0142ach. \u017b\u0105dania m\u0142odzie\u017cy publikuje dzisiejsza Gazeta Wyborcza (w \u0142\u00f3dzkim dodatku &#8211; <a href=\"https:\/\/lodz.wyborcza.pl\/lodz\/7,35136,29510109,nierownosci-i-dyskryminacja-w-szkole-nauczyciel-nie-potrzebuje.html\" target=\"_blank\" rel=\"noreferrer noopener\" aria-label=\"zob. tutaj (opens in a new tab)\">zob. tutaj<\/a>). Uczniowie domagaj\u0105 si\u0119 r\u00f3wnych praw.\u00a0<\/p>\n\n\n\n<p>Obawiam si\u0119, \u017ce to nie koniec. Uczniowie chc\u0105 mie\u0107 prawo ocenia\u0107 nauczycieli (bra\u0107 do odpowiedzi, robi\u0107 niezapowiedziane kartk\u00f3wki, zapowiedziane sprawdziany, no i zadawa\u0107 du\u017co pracy do domu). Chc\u0105 mie\u0107 prawo krytykowa\u0107 nauczycieli, czepia\u0107 si\u0119, wyg\u0142asza\u0107 przykre uwagi, a czasem nawet krzycze\u0107. Z\u0142o\u015bci\u0107 si\u0119 bez powodu. Wyra\u017ca\u0107 emocje i nie pyta\u0107 nikogo o pozwolenie.<\/p>\n\n\n\n<p>Chc\u0105 te\u017c mie\u0107 prawo m\u00f3wi\u0107: \u201emnie to nie dotyczy\u201d albo \u201eja mam takie zasady\u201d \u2013 i wszyscy musz\u0105 to zaakceptowa\u0107. Wychodzi\u0107 na papierosa. Korzysta\u0107 z toalet dla nauczycieli.<\/p>\n\n\n\n<p>Opowiada\u0107 dowcipy na lekcjach. M\u00f3wi\u0107 o rzeczach, kt\u00f3re nie maj\u0105 nic wsp\u00f3lnego z tematem. Pi\u0107 kaw\u0119 i innym nie pozwala\u0107. Uczniowie chc\u0105 funkcjonowa\u0107 w szkole na takich samych warunkach, na jakich dzia\u0142aj\u0105 nauczyciele.<\/p>\n\n\n\n<p>Czeka nas pedagogiczna rewolucja.<\/p>\n","protected":false},"excerpt":{"rendered":"<p>Uczniowie chc\u0105 mie\u0107 prawo nie zmienia\u0107 but\u00f3w (nauczyciele nie zmieniaj\u0105), sp\u00f3\u017ania\u0107 si\u0119 na lekcje bez konsekwencji (nauczyciele tak robi\u0105), korzysta\u0107 z telefon\u00f3w, gdy maj\u0105 tak\u0105 potrzeb\u0119 (nauczyciele si\u0119 nie ograniczaj\u0105).&nbsp;<\/p>\n","protected":false},"author":1,"featured_media":0,"comment_status":"open","ping_status":"closed","sticky":false,"template":"","format":"standard","meta":{"footnotes":""},"categories":[1],"tags":[],"_links":{"self":[{"href":"https:\/\/blog.polityka.pl\/chetkowski\/wp-json\/wp\/v2\/posts\/13187"}],"collection":[{"href":"https:\/\/blog.polityka.pl\/chetkowski\/wp-json\/wp\/v2\/posts"}],"about":[{"href":"https:\/\/blog.polityka.pl\/chetkowski\/wp-json\/wp\/v2\/types\/post"}],"author":[{"embeddable":true,"href":"https:\/\/blog.polityka.pl\/chetkowski\/wp-json\/wp\/v2\/users\/1"}],"replies":[{"embeddable":true,"href":"https:\/\/blog.polityka.pl\/chetkowski\/wp-json\/wp\/v2\/comments?post=13187"}],"version-history":[{"count":1,"href":"https:\/\/blog.polityka.pl\/chetkowski\/wp-json\/wp\/v2\/posts\/13187\/revisions"}],"predecessor-version":[{"id":13188,"href":"https:\/\/blog.polityka.pl\/chetkowski\/wp-json\/wp\/v2\/posts\/13187\/revisions\/13188"}],"wp:attachment":[{"href":"https:\/\/blog.polityka.pl\/chetkowski\/wp-json\/wp\/v2\/media?parent=13187"}],"wp:term":[{"taxonomy":"category","embeddable":true,"href":"https:\/\/blog.polityka.pl\/chetkowski\/wp-json\/wp\/v2\/categories?post=13187"},{"taxonomy":"post_tag","embeddable":true,"href":"https:\/\/blog.polityka.pl\/chetkowski\/wp-json\/wp\/v2\/tags?post=13187"}],"curies":[{"name":"wp","href":"https:\/\/api.w.org\/{rel}","templated":true}]}}