
{"id":13198,"date":"2023-03-09T13:50:14","date_gmt":"2023-03-09T12:50:14","guid":{"rendered":"http:\/\/chetkowski.blog.polityka.pl\/?p=13198"},"modified":"2023-03-08T19:19:16","modified_gmt":"2023-03-08T18:19:16","slug":"plant-your-home-uprawiaj-wlasny-ogrodek","status":"publish","type":"post","link":"https:\/\/blog.polityka.pl\/chetkowski\/2023\/03\/09\/plant-your-home-uprawiaj-wlasny-ogrodek\/","title":{"rendered":"Plant Your Home: uprawiaj w\u0142asny ogr\u00f3dek"},"content":{"rendered":"\n<p>Gdy zarabia si\u0119 ma\u0142o, a inflacja szaleje, trzeba mie\u0107 pomys\u0142 na \u017cycie. Grupa uczni\u00f3w z Liceum Politechniki (PLOP\u0141) wpad\u0142a do mojej szko\u0142y z propozycj\u0105 za\u0142o\u017cenia ogr\u00f3dka w domu i wyhodowania w\u0142asnych warzyw oraz owoc\u00f3w. Lepsze to ni\u017c propozycja ministra Czarnka, aby wprasza\u0107 si\u0119 na obiady do znajomych.&nbsp;<\/p>\n\n\n\n<!--more-->\n\n\n\n<p>M\u0142odzie\u017c nada\u0142a projektowi angielsk\u0105 nazw\u0119 (Plant Your Home) i skierowa\u0142a go do r\u00f3wie\u015bnik\u00f3w. Dla nastolatk\u00f3w uprawianie warzyw i owoc\u00f3w to niez\u0142a frajda, natomiast dla nauczycieli to mo\u017ce by\u0107 spos\u00f3b na przetrwanie do pierwszego. Nie wszyscy maj\u0105 si\u0142\u0119, aby non stop dorabia\u0107 do podstawowej pensji (nadgodzinami, korepetycjami czy w drugiej szkole), wielu chcia\u0142oby \u017cy\u0107 z zarobk\u00f3w uzyskiwanych z jednego etatu. A \u017ce si\u0119 nie da, trzeba \u2013 podpowiadaj\u0105 uczniowie i uczennice \u2013 uprawia\u0107 w domu ogr\u00f3dek.<\/p>\n\n\n\n<p>Nie by\u0142em do tego pomys\u0142u przekonany, ale jak zobaczy\u0142em cen\u0119 czerwonej papryki (40 z\u0142 za kg), przesta\u0142em si\u0119 opiera\u0107. Niejeden nauczyciel zapali\u0142 si\u0119 do tej idei, tylko wstyd mu przyzna\u0107, jakie s\u0105 prawdziwe powody. Ludzie wi\u0119c podczas warsztat\u00f3w gadali o ekologii, a prawda jest taka, \u017ce nie sta\u0107 nas na warzywa. Je\u015bli chcemy je regularnie je\u015b\u0107, nale\u017cy skorzysta\u0107 z podpowiedzi m\u0142odzie\u017cy i zamieni\u0107 mieszkanie w ogr\u00f3dek. Wi\u0119cej o projekcie mo\u017cna przeczyta\u0107 <a rel=\"noreferrer noopener\" aria-label=\"tutaj (opens in a new tab)\" href=\"https:\/\/liceum.p.lodz.pl\/projekt-zwolnieni-z-teorii-plant-your-home\/\" target=\"_blank\">tutaj<\/a>.<\/p>\n\n\n\n<p>Je\u015bli nauczyciele nie zaczn\u0105 wi\u0119cej zarabia\u0107, kolejna grupa licealist\u00f3w zaproponuje, aby nie kupowa\u0107 mi\u0119sa w sklepie, tylko zamieni\u0107 sw\u00f3j dom w kurnik. W og\u00f3le nie b\u0119d\u0119 si\u0119 waha\u0142, tylko natychmiast zrealizuj\u0119 ten pomys\u0142. Na pierwsze jaja od w\u0142asnych kur zapraszam Przemys\u0142awa Czarnka. Minister woli na twardo czy na mi\u0119kko?<\/p>\n","protected":false},"excerpt":{"rendered":"<p>Gdy zarabia si\u0119 ma\u0142o, a inflacja szaleje, trzeba mie\u0107 pomys\u0142 na \u017cycie. Grupa uczni\u00f3w z Liceum Politechniki (PLOP\u0141) wpad\u0142a do mojej szko\u0142y z propozycj\u0105 za\u0142o\u017cenia ogr\u00f3dka w domu i wyhodowania w\u0142asnych warzyw oraz owoc\u00f3w. Lepsze to ni\u017c propozycja ministra Czarnka, aby wprasza\u0107 si\u0119 na obiady do znajomych.&nbsp;<\/p>\n","protected":false},"author":1,"featured_media":0,"comment_status":"open","ping_status":"closed","sticky":false,"template":"","format":"standard","meta":{"footnotes":""},"categories":[1],"tags":[],"_links":{"self":[{"href":"https:\/\/blog.polityka.pl\/chetkowski\/wp-json\/wp\/v2\/posts\/13198"}],"collection":[{"href":"https:\/\/blog.polityka.pl\/chetkowski\/wp-json\/wp\/v2\/posts"}],"about":[{"href":"https:\/\/blog.polityka.pl\/chetkowski\/wp-json\/wp\/v2\/types\/post"}],"author":[{"embeddable":true,"href":"https:\/\/blog.polityka.pl\/chetkowski\/wp-json\/wp\/v2\/users\/1"}],"replies":[{"embeddable":true,"href":"https:\/\/blog.polityka.pl\/chetkowski\/wp-json\/wp\/v2\/comments?post=13198"}],"version-history":[{"count":2,"href":"https:\/\/blog.polityka.pl\/chetkowski\/wp-json\/wp\/v2\/posts\/13198\/revisions"}],"predecessor-version":[{"id":13200,"href":"https:\/\/blog.polityka.pl\/chetkowski\/wp-json\/wp\/v2\/posts\/13198\/revisions\/13200"}],"wp:attachment":[{"href":"https:\/\/blog.polityka.pl\/chetkowski\/wp-json\/wp\/v2\/media?parent=13198"}],"wp:term":[{"taxonomy":"category","embeddable":true,"href":"https:\/\/blog.polityka.pl\/chetkowski\/wp-json\/wp\/v2\/categories?post=13198"},{"taxonomy":"post_tag","embeddable":true,"href":"https:\/\/blog.polityka.pl\/chetkowski\/wp-json\/wp\/v2\/tags?post=13198"}],"curies":[{"name":"wp","href":"https:\/\/api.w.org\/{rel}","templated":true}]}}