
{"id":13341,"date":"2023-05-16T16:40:27","date_gmt":"2023-05-16T14:40:27","guid":{"rendered":"http:\/\/chetkowski.blog.polityka.pl\/?p=13341"},"modified":"2023-05-16T18:03:07","modified_gmt":"2023-05-16T16:03:07","slug":"jutro-matura-z-polskiego-na-poziomie-rozszerzonym-moze-witkacy","status":"publish","type":"post","link":"https:\/\/blog.polityka.pl\/chetkowski\/2023\/05\/16\/jutro-matura-z-polskiego-na-poziomie-rozszerzonym-moze-witkacy\/","title":{"rendered":"Jutro matura z polskiego na poziomie rozszerzonym. Mo\u017ce Witkacy?"},"content":{"rendered":"\n<p>Je\u015bli to ma by\u0107 matura z polskiego, niech b\u0119dzie o literaturze polskiej. Przecie\u017c mamy paru autor\u00f3w, kt\u00f3rymi mo\u017cemy zainteresowa\u0107 m\u0142odzie\u017c. Cho\u0107by Witkacego.<\/p>\n\n\n\n<!--more-->\n\n\n\n<p>Witkacy pojawi\u0142 si\u0119 na egzaminie pr\u00f3bnym w grudniu. M\u0142odzie\u017c potraktowa\u0142a to jako wa\u017cny sygna\u0142 i zacz\u0119\u0142a czyta\u0107 dzie\u0142a Stanis\u0142awa Ignacego Witkiewicza. Matura to nie tylko sprawdzian wiedzy zdaj\u0105cych, ale tak\u017ce zach\u0119ta do czytania literatury. Gdy matura jest o niczym, uczniowie niczego nie czytaj\u0105. Niby po co?<\/p>\n\n\n\n<p>Temat w arkuszu grudniowym \u2013 zobacz <a rel=\"noreferrer noopener\" aria-label=\"tutaj (opens in a new tab)\" href=\"https:\/\/cke.gov.pl\/images\/_EGZAMIN_MATURALNY_OD_2023\/materialy_dodatkowe\/diagnostyczne_12\/polski\/MPOP-R0-100-2212.pdf\" target=\"_blank\">tutaj<\/a> \u2013 brzmia\u0142: \u201eRozwa\u017c, jak konwencja groteskowa wykorzystana w utworze wp\u0142ywa na jego przes\u0142anie. W pracy odwo\u0142aj si\u0119 do <em>Szewc\u00f3w<\/em> S. I. W.\u201d R\u00f3wnie dobrze mo\u017cna by jako tekst g\u0142\u00f3wny wskaza\u0107 <em>Ferdydurke<\/em> Gombrowicza, ale Gombrowicza na maturze raczej nie b\u0119dzie, gdy\u017c PiS go nie lubi.&nbsp;<\/p>\n\n\n\n<p>CKE bada\u0142a przed matur\u0105, kt\u00f3ry autor jest bezpieczniejszy: polski czy obcy. W pierwszym arkuszu pokazowym w marcu 2022 r. da\u0142a Szekspira. Temat brzmia\u0142: \u201eTo\u017csamo\u015b\u0107\u0301 jednostki. Rozwa\u017c\u0307, jak\u0105 rol\u0119 w fabule dzie\u0142a literackiego pe\u0142ni kreacja bohatera literackiego. Odwo\u0142aj si\u0119 do <em>Hamleta<\/em> W. Szekspira\u201d. Temat niez\u0142y, tekst dobry, ale lepiej da\u0107 polskich autor\u00f3w (arkusz <a rel=\"noreferrer noopener\" aria-label=\"tutaj (opens in a new tab)\" href=\"https:\/\/cke.gov.pl\/images\/_EGZAMIN_MATURALNY_OD_2023\/materialy_dodatkowe\/pokazowe\/Polski_PR\/MPOP_R0_100_2203.pdf\" target=\"_blank\">tutaj<\/a>).<\/p>\n\n\n\n<p>Nie mog\u0119 poj\u0105\u0107, dlaczego najlepszych polskich autor\u00f3w XX wieku nie by\u0142o nigdy na maturze, czyli Witkacego, Gombrowicza i oczywi\u015bcie Lema. Tylko nie m\u00f3wcie, \u017ce s\u0105 za trudni. To przecie\u017c matura na poziomie rozszerzonym, wi\u0119c mo\u017cna wymaga\u0107. Co b\u0119dzie w tym roku, zobaczymy ju\u017c jutro.<\/p>\n","protected":false},"excerpt":{"rendered":"<p>Je\u015bli to ma by\u0107 matura z polskiego, niech b\u0119dzie o literaturze polskiej. Przecie\u017c mamy paru autor\u00f3w, kt\u00f3rymi mo\u017cemy zainteresowa\u0107 m\u0142odzie\u017c. Cho\u0107by Witkacego.<\/p>\n","protected":false},"author":1,"featured_media":9261,"comment_status":"open","ping_status":"closed","sticky":false,"template":"","format":"standard","meta":{"footnotes":""},"categories":[1],"tags":[],"_links":{"self":[{"href":"https:\/\/blog.polityka.pl\/chetkowski\/wp-json\/wp\/v2\/posts\/13341"}],"collection":[{"href":"https:\/\/blog.polityka.pl\/chetkowski\/wp-json\/wp\/v2\/posts"}],"about":[{"href":"https:\/\/blog.polityka.pl\/chetkowski\/wp-json\/wp\/v2\/types\/post"}],"author":[{"embeddable":true,"href":"https:\/\/blog.polityka.pl\/chetkowski\/wp-json\/wp\/v2\/users\/1"}],"replies":[{"embeddable":true,"href":"https:\/\/blog.polityka.pl\/chetkowski\/wp-json\/wp\/v2\/comments?post=13341"}],"version-history":[{"count":6,"href":"https:\/\/blog.polityka.pl\/chetkowski\/wp-json\/wp\/v2\/posts\/13341\/revisions"}],"predecessor-version":[{"id":13347,"href":"https:\/\/blog.polityka.pl\/chetkowski\/wp-json\/wp\/v2\/posts\/13341\/revisions\/13347"}],"wp:featuredmedia":[{"embeddable":true,"href":"https:\/\/blog.polityka.pl\/chetkowski\/wp-json\/wp\/v2\/media\/9261"}],"wp:attachment":[{"href":"https:\/\/blog.polityka.pl\/chetkowski\/wp-json\/wp\/v2\/media?parent=13341"}],"wp:term":[{"taxonomy":"category","embeddable":true,"href":"https:\/\/blog.polityka.pl\/chetkowski\/wp-json\/wp\/v2\/categories?post=13341"},{"taxonomy":"post_tag","embeddable":true,"href":"https:\/\/blog.polityka.pl\/chetkowski\/wp-json\/wp\/v2\/tags?post=13341"}],"curies":[{"name":"wp","href":"https:\/\/api.w.org\/{rel}","templated":true}]}}