
{"id":13359,"date":"2023-05-28T17:58:11","date_gmt":"2023-05-28T15:58:11","guid":{"rendered":"http:\/\/chetkowski.blog.polityka.pl\/?p=13359"},"modified":"2023-05-28T18:26:14","modified_gmt":"2023-05-28T16:26:14","slug":"czyimi-rekami-czarnek-i-pawlak-beda-kontrolowac-szkoly-przyjazne-lgbtq","status":"publish","type":"post","link":"https:\/\/blog.polityka.pl\/chetkowski\/2023\/05\/28\/czyimi-rekami-czarnek-i-pawlak-beda-kontrolowac-szkoly-przyjazne-lgbtq\/","title":{"rendered":"Czyimi r\u0119kami Czarnek i Pawlak b\u0119d\u0105 kontrolowa\u0107 szko\u0142y przyjazne LGBTQ+?"},"content":{"rendered":"\n<p>Nie lekcewa\u017cy\u0142bym zapowiedzi ministra edukacji, i\u017c chcia\u0142by si\u0119 przyjrze\u0107 szko\u0142om przyjaznym LGBTQ+. Tak samo powa\u017cnie trzeba potraktowa\u0107 zapowied\u017a Rzecznika Praw Dziecka, \u017ce szko\u0142y te zostan\u0105 skontrolowane. Problem w tym, kto zechce podj\u0105\u0107 si\u0119 tej misji w imieniu ministra Czarnka i rzecznika Pawlaka?<\/p>\n\n\n\n<!--more-->\n\n\n\n<p>Pozna\u0142em kilku \u0142\u00f3dzkich kurator\u00f3w i jednego z innego rejonu. Wszyscy narzekali na op\u00f3r urz\u0119dnik\u00f3w. M\u00f3wili, \u017ce kurator niewiele mo\u017ce. Jak urz\u0119dnik si\u0119 uprze, \u017ce czego\u015b nie zrobi, to nie ma mocnych. Oczywi\u015bcie otwartego buntu w kuratorium nie ma, jest zwyk\u0142e przeci\u0105ganie sprawy, z kt\u00f3rej w ko\u0144cu nic nie wychodzi.<\/p>\n\n\n\n<p>To wszystko prawda. Pozna\u0142em paru urz\u0119dnik\u00f3w z kuratorium.  Podkre\u015blali, \u017ce nie wykonywali politycznych polece\u0144 kuratora, gdy\u017c nie chcieli sobie psu\u0107 \u017cyciorysu. \u017baden kurator nie by\u0142 w stanie zmusi\u0107 ich do tego, co uwa\u017cali za ha\u0144bi\u0105ce zadanie. Nawet jak na polecenie kuratora przyszli skontrolowa\u0107 jak\u0105\u015b szko\u0142\u0119, to tak naprawd\u0119 \u017cadnej kontroli nie robili. To bardzo polski spos\u00f3b oporu wobec g\u0142upoty prze\u0142o\u017conych, ale widocznie inaczej si\u0119 nie da.<\/p>\n\n\n\n<p>Je\u015bli Czarnek i Pawlak chc\u0105 naprawd\u0119 skontrolowa\u0107 szko\u0142y przyjazne LGBTQ+, musz\u0105 mie\u0107 do tej brudnej roboty swoich ludzi. W kuratorium mog\u0105 nie znale\u017a\u0107 ani jednego. No chyba \u017ce dwie kadencje PiS zrobi\u0142y swoje i porz\u0105dnych ludzi w kuratoriach o\u015bwiaty ju\u017c nie ma.<\/p>\n","protected":false},"excerpt":{"rendered":"<p>Nie lekcewa\u017cy\u0142bym zapowiedzi ministra edukacji, i\u017c chcia\u0142by si\u0119 przyjrze\u0107 szko\u0142om przyjaznym LGBTQ+. Tak samo powa\u017cnie trzeba potraktowa\u0107 zapowied\u017a Rzecznika Praw Dziecka, \u017ce szko\u0142y te zostan\u0105 skontrolowane. Problem w tym, kto zechce podj\u0105\u0107 si\u0119 tej misji w imieniu ministra Czarnka i rzecznika Pawlaka?<\/p>\n","protected":false},"author":1,"featured_media":11849,"comment_status":"open","ping_status":"closed","sticky":false,"template":"","format":"standard","meta":{"footnotes":""},"categories":[1],"tags":[],"_links":{"self":[{"href":"https:\/\/blog.polityka.pl\/chetkowski\/wp-json\/wp\/v2\/posts\/13359"}],"collection":[{"href":"https:\/\/blog.polityka.pl\/chetkowski\/wp-json\/wp\/v2\/posts"}],"about":[{"href":"https:\/\/blog.polityka.pl\/chetkowski\/wp-json\/wp\/v2\/types\/post"}],"author":[{"embeddable":true,"href":"https:\/\/blog.polityka.pl\/chetkowski\/wp-json\/wp\/v2\/users\/1"}],"replies":[{"embeddable":true,"href":"https:\/\/blog.polityka.pl\/chetkowski\/wp-json\/wp\/v2\/comments?post=13359"}],"version-history":[{"count":4,"href":"https:\/\/blog.polityka.pl\/chetkowski\/wp-json\/wp\/v2\/posts\/13359\/revisions"}],"predecessor-version":[{"id":13363,"href":"https:\/\/blog.polityka.pl\/chetkowski\/wp-json\/wp\/v2\/posts\/13359\/revisions\/13363"}],"wp:featuredmedia":[{"embeddable":true,"href":"https:\/\/blog.polityka.pl\/chetkowski\/wp-json\/wp\/v2\/media\/11849"}],"wp:attachment":[{"href":"https:\/\/blog.polityka.pl\/chetkowski\/wp-json\/wp\/v2\/media?parent=13359"}],"wp:term":[{"taxonomy":"category","embeddable":true,"href":"https:\/\/blog.polityka.pl\/chetkowski\/wp-json\/wp\/v2\/categories?post=13359"},{"taxonomy":"post_tag","embeddable":true,"href":"https:\/\/blog.polityka.pl\/chetkowski\/wp-json\/wp\/v2\/tags?post=13359"}],"curies":[{"name":"wp","href":"https:\/\/api.w.org\/{rel}","templated":true}]}}