
{"id":13387,"date":"2023-06-11T12:06:16","date_gmt":"2023-06-11T10:06:16","guid":{"rendered":"http:\/\/chetkowski.blog.polityka.pl\/?p=13387"},"modified":"2023-06-11T22:35:39","modified_gmt":"2023-06-11T20:35:39","slug":"wakacje-znowu-beda-za-krotkie","status":"publish","type":"post","link":"https:\/\/blog.polityka.pl\/chetkowski\/2023\/06\/11\/wakacje-znowu-beda-za-krotkie\/","title":{"rendered":"Wakacje znowu b\u0119d\u0105 za kr\u00f3tkie"},"content":{"rendered":"\n<p>Bran\u017ca turystyczna nie ustaje w wysi\u0142kach, aby wakacje \u2013 podobnie jak ferie zimowe \u2013 odbywa\u0142y si\u0119 w systemie turnusowym: od 15 czerwca do 15 wrze\u015bnia. W roku 2023 to jeszcze nie przejdzie, wi\u0119c mo\u017ce w przysz\u0142ym.&nbsp;<\/p>\n\n\n\n<!--more-->\n\n\n\n<p>Obecnemu ministrowi edukacji si\u0119 to nie podoba, ale przecie\u017c ministra mo\u017cna zmieni\u0107. Od tego s\u0105 wybory. Ciekawe, jakie plany wobec wakacji maj\u0105 partie opozycyjne. Cho\u0107 jeste\u015bmy przyzwyczajeni, \u017ce wakacje dla ca\u0142ej Polski s\u0105 w tym samym czasie, to przecie\u017c mo\u017cna to zmieni\u0107. Dawniej ferie zimowe te\u017c by\u0142y w jednakowym dla wszystkich terminie.<\/p>\n\n\n\n<p>Zamiast wprowadzi\u0107 system dwumiesi\u0119cznych wakacji, ale w r\u00f3\u017cnych terminach dla poszczeg\u00f3lnych wojew\u00f3dztw, MEiN skraca rok szkolny. Przysz\u0142y 2023\/2024 zacznie si\u0119 4 wrze\u015bnia i zako\u0144czy 21 czerwca. Wakacje najbli\u017csze i kolejne \u2013 w roku 2024 \u2013 b\u0119d\u0105 wi\u0119c trwa\u0142y po 10 tygodni. Dla dzieci to du\u017co, ale dla bran\u017cy turystycznej to wci\u0105\u017c za ma\u0142o. Sezon wypoczynku letniego jest w Polsce zdecydowanie za kr\u00f3tki.<\/p>\n","protected":false},"excerpt":{"rendered":"<p>Bran\u017ca turystyczna nie ustaje w wysi\u0142kach, aby wakacje \u2013 podobnie jak ferie zimowe \u2013 odbywa\u0142y si\u0119 w systemie turnusowym: od 15 czerwca do 15 wrze\u015bnia. W roku 2023 to jeszcze nie przejdzie, wi\u0119c mo\u017ce w przysz\u0142ym.&nbsp;<\/p>\n","protected":false},"author":1,"featured_media":11872,"comment_status":"open","ping_status":"closed","sticky":false,"template":"","format":"standard","meta":{"footnotes":""},"categories":[1],"tags":[],"_links":{"self":[{"href":"https:\/\/blog.polityka.pl\/chetkowski\/wp-json\/wp\/v2\/posts\/13387"}],"collection":[{"href":"https:\/\/blog.polityka.pl\/chetkowski\/wp-json\/wp\/v2\/posts"}],"about":[{"href":"https:\/\/blog.polityka.pl\/chetkowski\/wp-json\/wp\/v2\/types\/post"}],"author":[{"embeddable":true,"href":"https:\/\/blog.polityka.pl\/chetkowski\/wp-json\/wp\/v2\/users\/1"}],"replies":[{"embeddable":true,"href":"https:\/\/blog.polityka.pl\/chetkowski\/wp-json\/wp\/v2\/comments?post=13387"}],"version-history":[{"count":2,"href":"https:\/\/blog.polityka.pl\/chetkowski\/wp-json\/wp\/v2\/posts\/13387\/revisions"}],"predecessor-version":[{"id":13389,"href":"https:\/\/blog.polityka.pl\/chetkowski\/wp-json\/wp\/v2\/posts\/13387\/revisions\/13389"}],"wp:featuredmedia":[{"embeddable":true,"href":"https:\/\/blog.polityka.pl\/chetkowski\/wp-json\/wp\/v2\/media\/11872"}],"wp:attachment":[{"href":"https:\/\/blog.polityka.pl\/chetkowski\/wp-json\/wp\/v2\/media?parent=13387"}],"wp:term":[{"taxonomy":"category","embeddable":true,"href":"https:\/\/blog.polityka.pl\/chetkowski\/wp-json\/wp\/v2\/categories?post=13387"},{"taxonomy":"post_tag","embeddable":true,"href":"https:\/\/blog.polityka.pl\/chetkowski\/wp-json\/wp\/v2\/tags?post=13387"}],"curies":[{"name":"wp","href":"https:\/\/api.w.org\/{rel}","templated":true}]}}