
{"id":13393,"date":"2023-06-15T21:16:46","date_gmt":"2023-06-15T19:16:46","guid":{"rendered":"http:\/\/chetkowski.blog.polityka.pl\/?p=13393"},"modified":"2023-06-16T19:44:47","modified_gmt":"2023-06-16T17:44:47","slug":"za-mature-ustna-zaplacili-uczniowie","status":"publish","type":"post","link":"https:\/\/blog.polityka.pl\/chetkowski\/2023\/06\/15\/za-mature-ustna-zaplacili-uczniowie\/","title":{"rendered":"Za matur\u0119 ustn\u0105 zap\u0142acili uczniowie"},"content":{"rendered":"\n<p>W \u0141odzi postanowiono nie p\u0142aci\u0107 nauczycielom za przeprowadzenie egzamin\u00f3w ustnych. Kazano wi\u0119c dyrektorom tak ustawi\u0107 matur\u0119, aby odbywa\u0142a si\u0119 w czasie lekcji z m\u0142odszymi klasami. Wtedy wynagrodzenie si\u0119 nie nale\u017cy.<\/p>\n\n\n\n<!--more-->\n\n\n\n<p>Lekcje te przepada\u0142y, gdy\u017c nauczyciele byli na egzaminach. Zatem za matur\u0119 zap\u0142acili uczniowie. Pozbawiono ich mo\u017cliwo\u015bci uczenia si\u0119. Przez miesi\u0105c nie mieli lekcji j\u0119zyka polskiego i angielskiego.<\/p>\n\n\n\n<p>Najwi\u0119ksz\u0105 cen\u0119 zap\u0142ac\u0105 uczniowie klas pierwszych, je\u015bli w kolejnych latach matura ustna r\u00f3wnie\u017c b\u0119dzie odbywa\u0142a si\u0119 ich kosztem. Przed pandemi\u0105 za matur\u0119 ustn\u0105 p\u0142acono, ale wtedy egzaminy odbywa\u0142y si\u0119 w r\u00f3\u017cnych godzinach, zwykle nie w czasie lekcji (je\u015bli egzamin wypada\u0142 w czasie lekcji, nigdy nie p\u0142acono).<\/p>\n\n\n\n<p>Nauczyciele, kt\u00f3rzy egzaminowali, troch\u0119 si\u0119 buntowali, \u017ce pracuj\u0105 bez wynagrodzenia. Ale jak sobie policzyli, \u017ce czas egzaminowania nieomal pokrywa si\u0119 z czasem prowadzenia lekcji, stwierdzili, \u017ce nie ma sensu domaga\u0107 si\u0119 zap\u0142aty. To s\u0105 grosze. Prawdziwie wysok\u0105 cen\u0119 zap\u0142acili uczniowie.<\/p>\n","protected":false},"excerpt":{"rendered":"<p>W \u0141odzi postanowiono nie p\u0142aci\u0107 nauczycielom za przeprowadzenie egzamin\u00f3w ustnych. Kazano wi\u0119c dyrektorom tak ustawi\u0107 matur\u0119, aby odbywa\u0142a si\u0119 w czasie lekcji z m\u0142odszymi klasami. Wtedy wynagrodzenie si\u0119 nie nale\u017cy.<\/p>\n","protected":false},"author":1,"featured_media":11128,"comment_status":"open","ping_status":"closed","sticky":false,"template":"","format":"standard","meta":{"footnotes":""},"categories":[1],"tags":[],"_links":{"self":[{"href":"https:\/\/blog.polityka.pl\/chetkowski\/wp-json\/wp\/v2\/posts\/13393"}],"collection":[{"href":"https:\/\/blog.polityka.pl\/chetkowski\/wp-json\/wp\/v2\/posts"}],"about":[{"href":"https:\/\/blog.polityka.pl\/chetkowski\/wp-json\/wp\/v2\/types\/post"}],"author":[{"embeddable":true,"href":"https:\/\/blog.polityka.pl\/chetkowski\/wp-json\/wp\/v2\/users\/1"}],"replies":[{"embeddable":true,"href":"https:\/\/blog.polityka.pl\/chetkowski\/wp-json\/wp\/v2\/comments?post=13393"}],"version-history":[{"count":1,"href":"https:\/\/blog.polityka.pl\/chetkowski\/wp-json\/wp\/v2\/posts\/13393\/revisions"}],"predecessor-version":[{"id":13394,"href":"https:\/\/blog.polityka.pl\/chetkowski\/wp-json\/wp\/v2\/posts\/13393\/revisions\/13394"}],"wp:featuredmedia":[{"embeddable":true,"href":"https:\/\/blog.polityka.pl\/chetkowski\/wp-json\/wp\/v2\/media\/11128"}],"wp:attachment":[{"href":"https:\/\/blog.polityka.pl\/chetkowski\/wp-json\/wp\/v2\/media?parent=13393"}],"wp:term":[{"taxonomy":"category","embeddable":true,"href":"https:\/\/blog.polityka.pl\/chetkowski\/wp-json\/wp\/v2\/categories?post=13393"},{"taxonomy":"post_tag","embeddable":true,"href":"https:\/\/blog.polityka.pl\/chetkowski\/wp-json\/wp\/v2\/tags?post=13393"}],"curies":[{"name":"wp","href":"https:\/\/api.w.org\/{rel}","templated":true}]}}