
{"id":13395,"date":"2023-06-17T14:59:35","date_gmt":"2023-06-17T12:59:35","guid":{"rendered":"http:\/\/chetkowski.blog.polityka.pl\/?p=13395"},"modified":"2023-06-18T00:03:57","modified_gmt":"2023-06-17T22:03:57","slug":"emerytury-stazowe-przyjete-matematycy-sa-za-polonisci-nie-bardzo","status":"publish","type":"post","link":"https:\/\/blog.polityka.pl\/chetkowski\/2023\/06\/17\/emerytury-stazowe-przyjete-matematycy-sa-za-polonisci-nie-bardzo\/","title":{"rendered":"Emerytury sta\u017cowe przyj\u0119te: matematycy s\u0105 za, poloni\u015bci nie bardzo"},"content":{"rendered":"\n<p>ZNP alarmuje, \u017ce emerytury sta\u017cowe, w\u0142a\u015bnie przeg\u0142osowane w Sejmie, b\u0119d\u0105 bardzo niskie. Tak niskie, \u017ce bez dorabiania nie da si\u0119 prze\u017cy\u0107. Matematykom to nie przeszkadza, gdy\u017c zamierzaj\u0105 dorabia\u0107 korepetycjami.<\/p>\n\n\n\n<!--more-->\n\n\n\n<p>Ju\u017c teraz matematycy nie chc\u0105 pracowa\u0107 ponad etat, gdy\u017c ka\u017cda godzina w szkole to dla nich du\u017ca strata. Wol\u0105 udziela\u0107 korepetycji, trzy-czterokrotnie lepiej p\u0142atnych, ni\u017c bra\u0107 nadgodziny. Je\u015bli wi\u0119c b\u0119dzie okazja i\u015b\u0107 na emerytur\u0119, nawet tak nisk\u0105 jak sta\u017cowa, skorzystaj\u0105 i rozwin\u0105 skrzyd\u0142a na korepetycjach.<\/p>\n\n\n\n<p>Jeden z matematyk\u00f3w zapyta\u0142, czy ja te\u017c odejd\u0119 na emerytur\u0119 sta\u017cow\u0105 (niebawem b\u0119d\u0119 mia\u0142 30 lat pracy, w tym co najmniej 20 pod tablic\u0105, czyli zyskam uprawnienia). Gdybym uczy\u0142 matematyki, nie waha\u0142bym si\u0119 wcale. Jednak na korepetycje z j\u0119zyka polskiego nie ma a\u017c takiego zapotrzebowania, aby ryzykowa\u0107.<\/p>\n\n\n\n<p>Emerytura sta\u017cowa ma te\u017c jeden haczyk. \u017beby m\u00f3c dorabia\u0107 w szkole, trzeba uzyska\u0107 zgod\u0119 kuratora. Dyrektor mo\u017ce chcie\u0107 zatrudni\u0107 do\u015bwiadczonego nauczyciela \u2013 emeryta. Jednak bez zgody kuratora nic nie mo\u017ce.<\/p>\n\n\n\n<p>Info o emeryturach sta\u017cowych dla nauczycieli <a rel=\"noreferrer noopener\" aria-label=\"tutaj (opens in a new tab)\" href=\"https:\/\/www.portalsamorzadowy.pl\/edukacja\/sejm-przeglosowal-nowele-karty-nauczyciela-emerytury-stazowe-przyjete,469331.html\" target=\"_blank\">tutaj<\/a>, komentarz ZNP <a href=\"https:\/\/glos.pl\/emerytury-stazowe-przyjete-przez-sejmowa-komisje\" target=\"_blank\" rel=\"noreferrer noopener\" aria-label=\"tutaj (opens in a new tab)\">tutaj<\/a>.<\/p>\n","protected":false},"excerpt":{"rendered":"<p>ZNP alarmuje, \u017ce emerytury sta\u017cowe, w\u0142a\u015bnie przeg\u0142osowane w Sejmie, b\u0119d\u0105 bardzo niskie. Tak niskie, \u017ce bez dorabiania nie da si\u0119 prze\u017cy\u0107. Matematykom to nie przeszkadza, gdy\u017c zamierzaj\u0105 dorabia\u0107 korepetycjami.<\/p>\n","protected":false},"author":1,"featured_media":12976,"comment_status":"open","ping_status":"closed","sticky":false,"template":"","format":"standard","meta":{"footnotes":""},"categories":[1],"tags":[],"_links":{"self":[{"href":"https:\/\/blog.polityka.pl\/chetkowski\/wp-json\/wp\/v2\/posts\/13395"}],"collection":[{"href":"https:\/\/blog.polityka.pl\/chetkowski\/wp-json\/wp\/v2\/posts"}],"about":[{"href":"https:\/\/blog.polityka.pl\/chetkowski\/wp-json\/wp\/v2\/types\/post"}],"author":[{"embeddable":true,"href":"https:\/\/blog.polityka.pl\/chetkowski\/wp-json\/wp\/v2\/users\/1"}],"replies":[{"embeddable":true,"href":"https:\/\/blog.polityka.pl\/chetkowski\/wp-json\/wp\/v2\/comments?post=13395"}],"version-history":[{"count":3,"href":"https:\/\/blog.polityka.pl\/chetkowski\/wp-json\/wp\/v2\/posts\/13395\/revisions"}],"predecessor-version":[{"id":13398,"href":"https:\/\/blog.polityka.pl\/chetkowski\/wp-json\/wp\/v2\/posts\/13395\/revisions\/13398"}],"wp:featuredmedia":[{"embeddable":true,"href":"https:\/\/blog.polityka.pl\/chetkowski\/wp-json\/wp\/v2\/media\/12976"}],"wp:attachment":[{"href":"https:\/\/blog.polityka.pl\/chetkowski\/wp-json\/wp\/v2\/media?parent=13395"}],"wp:term":[{"taxonomy":"category","embeddable":true,"href":"https:\/\/blog.polityka.pl\/chetkowski\/wp-json\/wp\/v2\/categories?post=13395"},{"taxonomy":"post_tag","embeddable":true,"href":"https:\/\/blog.polityka.pl\/chetkowski\/wp-json\/wp\/v2\/tags?post=13395"}],"curies":[{"name":"wp","href":"https:\/\/api.w.org\/{rel}","templated":true}]}}