
{"id":13405,"date":"2023-06-19T10:08:57","date_gmt":"2023-06-19T08:08:57","guid":{"rendered":"http:\/\/chetkowski.blog.polityka.pl\/?p=13405"},"modified":"2023-06-18T13:09:44","modified_gmt":"2023-06-18T11:09:44","slug":"uczniowie-gratuluja-nauczycielom-ktorzy-odchodza-ze-szkoly","status":"publish","type":"post","link":"https:\/\/blog.polityka.pl\/chetkowski\/2023\/06\/19\/uczniowie-gratuluja-nauczycielom-ktorzy-odchodza-ze-szkoly\/","title":{"rendered":"Uczniowie gratuluj\u0105 nauczycielom, kt\u00f3rzy odchodz\u0105 ze szko\u0142y"},"content":{"rendered":"\n<p>Co uczniowie my\u015bl\u0105 o zawodzie nauczyciela, wida\u0107 po tym, jak reaguj\u0105, gdy kto\u015b postanowi\u0142 rzuci\u0107 robot\u0119 w szkole. Gratuluj\u0105 mu dobrej decyzji.<\/p>\n\n\n\n<!--more-->\n\n\n\n<p>Znowu spora grupka kole\u017canek i koleg\u00f3w \u017cegna si\u0119 z t\u0105 profesj\u0105. Jak uczniowie lubi\u0105 nauczyciela, to wpieraj\u0105 go w tej decyzji i ciesz\u0105 si\u0119, \u017ce postanowi\u0142 rzuci\u0107 szko\u0142\u0119.<\/p>\n\n\n\n<p>Z okazji odej\u015bcia z zawodu nauczyciele robi\u0105 imprezy. W tym roku by\u0142em ju\u017c na takiej. Imprez by\u0142o wi\u0119cej i jeszcze b\u0119d\u0105, ale nie na wszystkie jestem zapraszany.<\/p>\n\n\n\n<p>Niekt\u00f3rzy nauczyciele nie tylko \u017cegnaj\u0105 si\u0119 z zawodem, ale zrywaj\u0105 wszelkie wi\u0119zi ze szko\u0142\u0105. Tak\u017ce z kole\u017cankami i kolegami. Ca\u0142ym sob\u0105 m\u00f3wi\u0105 do\u015b\u0107. Przed nimi nowe \u017cycie, a powrotu do szko\u0142y nie przewiduj\u0105. Powodzenia! Nie my\u015blcie \u017ale o tych, kt\u00f3rzy zostaj\u0105.<\/p>\n","protected":false},"excerpt":{"rendered":"<p>Co uczniowie my\u015bl\u0105 o zawodzie nauczyciela, wida\u0107 po tym, jak reaguj\u0105, gdy kto\u015b postanowi\u0142 rzuci\u0107 robot\u0119 w szkole. Gratuluj\u0105 mu dobrej decyzji.<\/p>\n","protected":false},"author":1,"featured_media":0,"comment_status":"open","ping_status":"closed","sticky":false,"template":"","format":"standard","meta":{"footnotes":""},"categories":[1],"tags":[],"_links":{"self":[{"href":"https:\/\/blog.polityka.pl\/chetkowski\/wp-json\/wp\/v2\/posts\/13405"}],"collection":[{"href":"https:\/\/blog.polityka.pl\/chetkowski\/wp-json\/wp\/v2\/posts"}],"about":[{"href":"https:\/\/blog.polityka.pl\/chetkowski\/wp-json\/wp\/v2\/types\/post"}],"author":[{"embeddable":true,"href":"https:\/\/blog.polityka.pl\/chetkowski\/wp-json\/wp\/v2\/users\/1"}],"replies":[{"embeddable":true,"href":"https:\/\/blog.polityka.pl\/chetkowski\/wp-json\/wp\/v2\/comments?post=13405"}],"version-history":[{"count":2,"href":"https:\/\/blog.polityka.pl\/chetkowski\/wp-json\/wp\/v2\/posts\/13405\/revisions"}],"predecessor-version":[{"id":13407,"href":"https:\/\/blog.polityka.pl\/chetkowski\/wp-json\/wp\/v2\/posts\/13405\/revisions\/13407"}],"wp:attachment":[{"href":"https:\/\/blog.polityka.pl\/chetkowski\/wp-json\/wp\/v2\/media?parent=13405"}],"wp:term":[{"taxonomy":"category","embeddable":true,"href":"https:\/\/blog.polityka.pl\/chetkowski\/wp-json\/wp\/v2\/categories?post=13405"},{"taxonomy":"post_tag","embeddable":true,"href":"https:\/\/blog.polityka.pl\/chetkowski\/wp-json\/wp\/v2\/tags?post=13405"}],"curies":[{"name":"wp","href":"https:\/\/api.w.org\/{rel}","templated":true}]}}