
{"id":13410,"date":"2023-06-22T15:02:23","date_gmt":"2023-06-22T13:02:23","guid":{"rendered":"http:\/\/chetkowski.blog.polityka.pl\/?p=13410"},"modified":"2023-06-22T17:33:56","modified_gmt":"2023-06-22T15:33:56","slug":"czyja-to-wina-ze-nauczyciele-nie-zrealizowali-podstawy-programowej","status":"publish","type":"post","link":"https:\/\/blog.polityka.pl\/chetkowski\/2023\/06\/22\/czyja-to-wina-ze-nauczyciele-nie-zrealizowali-podstawy-programowej\/","title":{"rendered":"Czyja to wina, \u017ce nauczyciele nie zrealizowali podstawy programowej?"},"content":{"rendered":"\n<p>W szko\u0142ach trwa sprawdzanie, czy podstawa programowa zosta\u0142a zrealizowana. A je\u015bli nie, to dlaczego. Nauczyciele zastanawiaj\u0105 si\u0119, co napisa\u0107 w sprawozdaniu. Prawd\u0119?<\/p>\n\n\n\n<!--more-->\n\n\n\n<p>W anonimowych ankietach nauczyciele przyznawali si\u0119, \u017ce nie s\u0105 w stanie zrealizowa\u0107 ok. 12 proc. tre\u015bci (szczeg\u00f3\u0142y <a href=\"https:\/\/glos.pl\/zmp-pisze-do-mein-ws-potrzeby-zasadniczych-zmian-w-oswiacie-samorzadowcy-postuluja-m-in-zmiany-w-podstawie-programowej\" target=\"_blank\" rel=\"noreferrer noopener\" aria-label=\"tutaj (opens in a new tab)\">tutaj<\/a>). Gdy to samo napisz\u0105 w sprawozdaniu, dyrektor zapyta, co jest przyczyn\u0105 op\u00f3\u017anienia. Prawda jest taka, \u017ce podstawy nie da si\u0119 zrealizowa\u0107. Jest bowiem nierealna. Wymy\u015blili j\u0105 ludzie Czarnka, kt\u00f3rzy nie znaj\u0105 si\u0119 na pracy z dzie\u0107mi.<\/p>\n\n\n\n<p>Nauczyciele, kt\u00f3rzy pr\u00f3buj\u0105 zrealizowa\u0107 podstaw\u0119 programow\u0105, musz\u0105 rezygnowa\u0107 z utrwalania materia\u0142u. P\u0119dz\u0105 z programem i nie przejmuj\u0105 si\u0119, czy dzieci rozumiej\u0105, co si\u0119 dzieje na lekcji. Ewentualne luki uzupe\u0142ni\u0105 w domu z pomoc\u0105 rodzic\u00f3w oraz na korepetycjach. Innego wyj\u015bcia nie ma.<\/p>\n\n\n\n<p>Podstawa programowa ma wi\u0119c wa\u017cn\u0105 zalet\u0119: nap\u0119dza rynek korepetycji. Dlatego sporo nauczycieli pisze w sprawozdaniu, \u017ce podstawa jest ok, wszystko zosta\u0142o zrealizowane, tylko dzieci s\u0105 leniwe. Wiadomo, m\u0142odzie\u017c coraz gorsza, rz\u0105d wspania\u0142y, a co do reszty, lepiej g\u0119b\u0119 trzyma\u0107 na k\u0142\u00f3dk\u0119.<\/p>\n","protected":false},"excerpt":{"rendered":"<p>W szko\u0142ach trwa sprawdzanie, czy podstawa programowa zosta\u0142a zrealizowana. A je\u015bli nie, to dlaczego. Nauczyciele zastanawiaj\u0105 si\u0119, co napisa\u0107 w sprawozdaniu. Prawd\u0119?<\/p>\n","protected":false},"author":1,"featured_media":11557,"comment_status":"open","ping_status":"closed","sticky":false,"template":"","format":"standard","meta":{"footnotes":""},"categories":[1],"tags":[],"_links":{"self":[{"href":"https:\/\/blog.polityka.pl\/chetkowski\/wp-json\/wp\/v2\/posts\/13410"}],"collection":[{"href":"https:\/\/blog.polityka.pl\/chetkowski\/wp-json\/wp\/v2\/posts"}],"about":[{"href":"https:\/\/blog.polityka.pl\/chetkowski\/wp-json\/wp\/v2\/types\/post"}],"author":[{"embeddable":true,"href":"https:\/\/blog.polityka.pl\/chetkowski\/wp-json\/wp\/v2\/users\/1"}],"replies":[{"embeddable":true,"href":"https:\/\/blog.polityka.pl\/chetkowski\/wp-json\/wp\/v2\/comments?post=13410"}],"version-history":[{"count":1,"href":"https:\/\/blog.polityka.pl\/chetkowski\/wp-json\/wp\/v2\/posts\/13410\/revisions"}],"predecessor-version":[{"id":13411,"href":"https:\/\/blog.polityka.pl\/chetkowski\/wp-json\/wp\/v2\/posts\/13410\/revisions\/13411"}],"wp:featuredmedia":[{"embeddable":true,"href":"https:\/\/blog.polityka.pl\/chetkowski\/wp-json\/wp\/v2\/media\/11557"}],"wp:attachment":[{"href":"https:\/\/blog.polityka.pl\/chetkowski\/wp-json\/wp\/v2\/media?parent=13410"}],"wp:term":[{"taxonomy":"category","embeddable":true,"href":"https:\/\/blog.polityka.pl\/chetkowski\/wp-json\/wp\/v2\/categories?post=13410"},{"taxonomy":"post_tag","embeddable":true,"href":"https:\/\/blog.polityka.pl\/chetkowski\/wp-json\/wp\/v2\/tags?post=13410"}],"curies":[{"name":"wp","href":"https:\/\/api.w.org\/{rel}","templated":true}]}}