
{"id":13412,"date":"2023-06-23T13:01:44","date_gmt":"2023-06-23T11:01:44","guid":{"rendered":"http:\/\/chetkowski.blog.polityka.pl\/?p=13412"},"modified":"2023-06-23T13:01:44","modified_gmt":"2023-06-23T11:01:44","slug":"uczniowie-domagaja-sie-prawa-do-nauki-a-nie-obowiazku","status":"publish","type":"post","link":"https:\/\/blog.polityka.pl\/chetkowski\/2023\/06\/23\/uczniowie-domagaja-sie-prawa-do-nauki-a-nie-obowiazku\/","title":{"rendered":"Uczniowie domagaj\u0105 si\u0119 prawa do nauki, a nie obowi\u0105zku"},"content":{"rendered":"\n<p>\u015arednio uczniowie nie chodzili do szko\u0142y przez dwa miesi\u0105ce. Niekt\u00f3rzy nie chodzili nawet przez pi\u0119\u0107-sze\u015b\u0107 miesi\u0119cy na dziesi\u0119\u0107. Gdyby mogli, przychodziliby jeszcze rzadziej. Czy powinno im si\u0119 na to pozwoli\u0107?<\/p>\n\n\n\n<!--more-->\n\n\n\n<p>Podczas przem\u00f3wie\u0144 z okazji zako\u0144czenia roku szkolnego powtarza\u0142y si\u0119 opinie, \u017ce uczniowie powinni mie\u0107 prawo do nauki, a nie obowi\u0105zek. Jak nie chc\u0105, niech nie chodz\u0105. Gdy si\u0119 ich zmusza do przychodzenia na lekcje, tylko przeszkadzaj\u0105.<\/p>\n\n\n\n<p>Co ciekawe, przeciwko przymusowi nauki s\u0105 uczniowie, kt\u00f3rzy maj\u0105 frekwencj\u0119 na poziomie 95-100 procent. To w\u0142a\u015bnie im przeszkadzaj\u0105 osoby, kt\u00f3rzy nie chc\u0105 chodzi\u0107 do szko\u0142y. Wszystkim b\u0119dzie l\u017cej, gdy ka\u017cdy dostanie prawo wyboru, co chce robi\u0107 ze swoim \u017cyciem.<\/p>\n\n\n\n<p>Klasy w liceum s\u0105 liczne. Jednak dzi\u0119ki temu, \u017ce przymyka si\u0119 oko na nisk\u0105 frekwencj\u0119, praca na lekcjach jest zno\u015bna. Gdyby wszyscy chodzili regularnie do szko\u0142y, by\u0142oby naprawd\u0119 ci\u0119\u017cko. Rekordzi\u015bci, jak wynika ze sprawozda\u0144, mieli frekwencj\u0119 na poziomie 40 proc. Zdali, wi\u0119c w czym problem?<\/p>\n","protected":false},"excerpt":{"rendered":"<p>\u015arednio uczniowie nie chodzili do szko\u0142y przez dwa miesi\u0105ce. Niekt\u00f3rzy nie chodzili nawet przez pi\u0119\u0107-sze\u015b\u0107 miesi\u0119cy na dziesi\u0119\u0107. Gdyby mogli, przychodziliby jeszcze rzadziej. Czy powinno im si\u0119 na to pozwoli\u0107?<\/p>\n","protected":false},"author":1,"featured_media":0,"comment_status":"open","ping_status":"closed","sticky":false,"template":"","format":"standard","meta":{"footnotes":""},"categories":[1],"tags":[],"_links":{"self":[{"href":"https:\/\/blog.polityka.pl\/chetkowski\/wp-json\/wp\/v2\/posts\/13412"}],"collection":[{"href":"https:\/\/blog.polityka.pl\/chetkowski\/wp-json\/wp\/v2\/posts"}],"about":[{"href":"https:\/\/blog.polityka.pl\/chetkowski\/wp-json\/wp\/v2\/types\/post"}],"author":[{"embeddable":true,"href":"https:\/\/blog.polityka.pl\/chetkowski\/wp-json\/wp\/v2\/users\/1"}],"replies":[{"embeddable":true,"href":"https:\/\/blog.polityka.pl\/chetkowski\/wp-json\/wp\/v2\/comments?post=13412"}],"version-history":[{"count":1,"href":"https:\/\/blog.polityka.pl\/chetkowski\/wp-json\/wp\/v2\/posts\/13412\/revisions"}],"predecessor-version":[{"id":13413,"href":"https:\/\/blog.polityka.pl\/chetkowski\/wp-json\/wp\/v2\/posts\/13412\/revisions\/13413"}],"wp:attachment":[{"href":"https:\/\/blog.polityka.pl\/chetkowski\/wp-json\/wp\/v2\/media?parent=13412"}],"wp:term":[{"taxonomy":"category","embeddable":true,"href":"https:\/\/blog.polityka.pl\/chetkowski\/wp-json\/wp\/v2\/categories?post=13412"},{"taxonomy":"post_tag","embeddable":true,"href":"https:\/\/blog.polityka.pl\/chetkowski\/wp-json\/wp\/v2\/tags?post=13412"}],"curies":[{"name":"wp","href":"https:\/\/api.w.org\/{rel}","templated":true}]}}