
{"id":13417,"date":"2023-06-27T11:06:21","date_gmt":"2023-06-27T09:06:21","guid":{"rendered":"http:\/\/chetkowski.blog.polityka.pl\/?p=13417"},"modified":"2023-06-27T14:05:41","modified_gmt":"2023-06-27T12:05:41","slug":"zabraklo-matematykow","status":"publish","type":"post","link":"https:\/\/blog.polityka.pl\/chetkowski\/2023\/06\/27\/zabraklo-matematykow\/","title":{"rendered":"Zabrak\u0142o matematyk\u00f3w"},"content":{"rendered":"\n<p>W liceach zabrak\u0142o matematyk\u00f3w. Szko\u0142y odwr\u00f3ci\u0142y si\u0119 od klas humanistycznych i zacz\u0119\u0142y masowo oferowa\u0107 rozszerzon\u0105 matematyk\u0119. Podobno matura z tego przedmiotu daje wi\u0119cej mo\u017cliwo\u015bci ni\u017c z j\u0119zyka polskiego czy historii. Matematyki nie ma jednak kto uczy\u0107.<\/p>\n\n\n\n<!--more-->\n\n\n\n<p>W podstaw\u00f3wkach dyrektorzy ratuj\u0105 si\u0119 nauczycielami, kt\u00f3rzy zrobili studia podyplomowe z matematyki. W liceach tak si\u0119 nie da. Nawet magister matematyki ma problem, aby przygotowa\u0107 licealist\u00f3w do matury, a co dopiero fachowiec pozorny. Dyrekcja wciska matematykom nawet po dwa etaty, ale ci odmawiaj\u0105. Bardziej op\u0142acalne s\u0105 korepetycje.<\/p>\n\n\n\n<p>Jacy\u015b ch\u0119tni do pracy w szkole si\u0119 zg\u0142aszaj\u0105, ale szybko rezygnuj\u0105. W moim liceum jeden kandydat odszed\u0142 po pierwszej radzie pedagogicznej. Nie spodziewa\u0142 si\u0119, \u017ce udzia\u0142 w posiedzeniach jest obowi\u0105zkowy. Drugi matematyk odszed\u0142 po tygodniu pracy. Powiedzia\u0142, \u017ce nie wiedzia\u0142, i\u017c w liceum jest tyle roboty. Trzeci podpisa\u0142 umow\u0119, ale nie zg\u0142osi\u0142 si\u0119 do pracy. Podobno my\u015bla\u0142, \u017ce pensja brutto to jest netto. Gdy zrozumia\u0142 pomy\u0142k\u0119, pukn\u0105\u0142 si\u0119 w g\u0142ow\u0119 i odm\u00f3wi\u0142 pracy za takie grosze. Wakacje go nie skusi\u0142y.<\/p>\n\n\n\n<p>Nie pomagaj\u0105 liczne przywileje, kt\u00f3re maj\u0105 nauczyciele. Jak przychodzi do podj\u0119cia decyzji, licz\u0105 si\u0119 tylko zarobki i obowi\u0105zki. Matematycy potrafi\u0105 liczy\u0107. Wychodzi im, \u017ce si\u0119 nie op\u0142aca pracowa\u0107 w szkole. Za du\u017co roboty, za niska p\u0142aca. Je\u015bli problem nie zostanie rozwi\u0105zany, licea b\u0119d\u0105 musia\u0142y przesta\u0107 oferowa\u0107 rozszerzenia z matematyki. Wr\u00f3cimy do klas humanistycznych. Polonist\u00f3w i historyk\u00f3w na razie nie brakuje.<\/p>\n","protected":false},"excerpt":{"rendered":"<p>W liceach zabrak\u0142o matematyk\u00f3w. Szko\u0142y odwr\u00f3ci\u0142y si\u0119 od klas humanistycznych i zacz\u0119\u0142y masowo oferowa\u0107 rozszerzon\u0105 matematyk\u0119. Podobno matura z tego przedmiotu daje wi\u0119cej mo\u017cliwo\u015bci ni\u017c z j\u0119zyka polskiego czy historii. Matematyki nie ma jednak kto uczy\u0107.<\/p>\n","protected":false},"author":1,"featured_media":12738,"comment_status":"open","ping_status":"closed","sticky":false,"template":"","format":"standard","meta":{"footnotes":""},"categories":[1],"tags":[],"_links":{"self":[{"href":"https:\/\/blog.polityka.pl\/chetkowski\/wp-json\/wp\/v2\/posts\/13417"}],"collection":[{"href":"https:\/\/blog.polityka.pl\/chetkowski\/wp-json\/wp\/v2\/posts"}],"about":[{"href":"https:\/\/blog.polityka.pl\/chetkowski\/wp-json\/wp\/v2\/types\/post"}],"author":[{"embeddable":true,"href":"https:\/\/blog.polityka.pl\/chetkowski\/wp-json\/wp\/v2\/users\/1"}],"replies":[{"embeddable":true,"href":"https:\/\/blog.polityka.pl\/chetkowski\/wp-json\/wp\/v2\/comments?post=13417"}],"version-history":[{"count":1,"href":"https:\/\/blog.polityka.pl\/chetkowski\/wp-json\/wp\/v2\/posts\/13417\/revisions"}],"predecessor-version":[{"id":13418,"href":"https:\/\/blog.polityka.pl\/chetkowski\/wp-json\/wp\/v2\/posts\/13417\/revisions\/13418"}],"wp:featuredmedia":[{"embeddable":true,"href":"https:\/\/blog.polityka.pl\/chetkowski\/wp-json\/wp\/v2\/media\/12738"}],"wp:attachment":[{"href":"https:\/\/blog.polityka.pl\/chetkowski\/wp-json\/wp\/v2\/media?parent=13417"}],"wp:term":[{"taxonomy":"category","embeddable":true,"href":"https:\/\/blog.polityka.pl\/chetkowski\/wp-json\/wp\/v2\/categories?post=13417"},{"taxonomy":"post_tag","embeddable":true,"href":"https:\/\/blog.polityka.pl\/chetkowski\/wp-json\/wp\/v2\/tags?post=13417"}],"curies":[{"name":"wp","href":"https:\/\/api.w.org\/{rel}","templated":true}]}}