
{"id":13420,"date":"2023-06-29T15:57:31","date_gmt":"2023-06-29T13:57:31","guid":{"rendered":"http:\/\/chetkowski.blog.polityka.pl\/?p=13420"},"modified":"2023-06-29T16:13:38","modified_gmt":"2023-06-29T14:13:38","slug":"dzieci-nie-zasluzyly-na-to-aby-nie-miec-nauczycieli","status":"publish","type":"post","link":"https:\/\/blog.polityka.pl\/chetkowski\/2023\/06\/29\/dzieci-nie-zasluzyly-na-to-aby-nie-miec-nauczycieli\/","title":{"rendered":"Dzieci nie zas\u0142u\u017cy\u0142y na to, aby nie mie\u0107 nauczycieli"},"content":{"rendered":"\n<p>W \u201eG\u0142osie Nauczycielskim\u201d ukaza\u0142 si\u0119 wywiad z dyrektork\u0105 z Gda\u0144ska, kt\u00f3ra zas\u0142yn\u0119\u0142a opini\u0105, \u017ce rodzice powinni ca\u0142owa\u0107 nauczycieli po r\u0119kach. Sytuacja w szko\u0142ach jest bowiem bardzo trudna. Wakat\u00f3w jest jeszcze wi\u0119cej ni\u017c rok temu. Trzeba si\u0119 liczy\u0107 z tym, \u017ce dzieci nie b\u0119dzie mia\u0142 kto uczy\u0107.<\/p>\n\n\n\n<!--more-->\n\n\n\n<p>Wywiad z dr Agnieszk\u0105 Tomasik mo\u017cna przeczyta\u0107 <a href=\"https:\/\/glos.pl\/dr-agnieszka-tomasik-nauczyciele-nie-dadza-sie-nabrac-na-1125-z-po-prostu-chcemy-zyc-godnie\" target=\"_blank\" rel=\"noreferrer noopener\" aria-label=\"tutaj (opens in a new tab)\">tutaj<\/a>.<\/p>\n\n\n\n<p>Ca\u0142owanie po r\u0119kach to metafora szacunku. Nie do wszystkich rodzic\u00f3w dotar\u0142o, \u017ce poszturchiwanie nauczyciela z byle powodu szkodzi przede wszystkim dzieciom. Niskie zarobki mo\u017cna zaakceptowa\u0107, gdy towarzyszy im dobra atmosfera w pracy. Dyrektorzy szk\u00f3\u0142 ju\u017c wiedz\u0105, \u017ce o nauczycieli trzeba dba\u0107. Nie wiedz\u0105 jednak tego jeszcze rodzice. Gdy obecnie nauczyciel odchodzi ze szko\u0142y, to najcz\u0119\u015bciej z powodu z\u0142ych relacji z lud\u017ami.<\/p>\n\n\n\n<p>Rodzice lubi\u0105 skar\u017cy\u0107 na nauczycieli, dzwoni\u0107 do dyrektora, pisa\u0107 donosy do kuratorium. W mojej szkole obowi\u0105zuje zasada, \u017ce dyrektor nie przyjmuje skargi, je\u015bli rodzic nie porozmawia\u0142 najpierw z nauczycielem. Niestety, ta zasada nie obowi\u0105zuje w kuratorium. Wi\u0119c rodzice wal\u0105 \u015bmia\u0142o do kuratorium i opowiadaj\u0105 to, co us\u0142yszeli od dziecka. Cz\u0119sto nawet nie podj\u0119li pr\u00f3by porozmawiania z nauczycielem.<\/p>\n\n\n\n<p>Mia\u0142em wiele konflikt\u00f3w w rodzicami. Na pewn\u0105 mam\u0119 musia\u0142em si\u0119 zaczai\u0107, gdy wychodzi\u0142a z gabinetu dyrektora. T\u0142umaczy\u0142a mojemu szefowi, \u017ce nie b\u0119dzie ze mn\u0105 rozmawia\u0142a, gdy\u017c to nie ma sensu. Zast\u0105pi\u0142em jej drog\u0119 i na przywitanie poca\u0142owa\u0142em w r\u0119k\u0119 (matce, kt\u00f3ra troszczy si\u0119 o dziecko, zawsze okazuj\u0119 szacunek). Z wra\u017cenia a\u017c usiad\u0142a i zaniem\u00f3wi\u0142a. Okaza\u0142o si\u0119, \u017ce da si\u0119 ze mn\u0105 porozmawia\u0107, cho\u0107 wymaga to troch\u0119 odwagi. No i okazania odrobiny szacunku dla pracy, kt\u00f3r\u0105 wykonuj\u0119. Kto tego nie potrafi, od razu idzie ze swoj\u0105 spraw\u0105 do dyrektora albo nawet kuratora.<\/p>\n","protected":false},"excerpt":{"rendered":"<p>W \u201eG\u0142osie Nauczycielskim\u201d ukaza\u0142 si\u0119 wywiad z dyrektork\u0105 z Gda\u0144ska, kt\u00f3ra zas\u0142yn\u0119\u0142a opini\u0105, \u017ce rodzice powinni ca\u0142owa\u0107 nauczycieli po r\u0119kach. Sytuacja w szko\u0142ach jest bowiem bardzo trudna. Wakat\u00f3w jest jeszcze wi\u0119cej ni\u017c rok temu. Trzeba si\u0119 liczy\u0107 z tym, \u017ce dzieci nie b\u0119dzie mia\u0142 kto uczy\u0107.<\/p>\n","protected":false},"author":1,"featured_media":12766,"comment_status":"open","ping_status":"closed","sticky":false,"template":"","format":"standard","meta":{"footnotes":""},"categories":[1],"tags":[],"_links":{"self":[{"href":"https:\/\/blog.polityka.pl\/chetkowski\/wp-json\/wp\/v2\/posts\/13420"}],"collection":[{"href":"https:\/\/blog.polityka.pl\/chetkowski\/wp-json\/wp\/v2\/posts"}],"about":[{"href":"https:\/\/blog.polityka.pl\/chetkowski\/wp-json\/wp\/v2\/types\/post"}],"author":[{"embeddable":true,"href":"https:\/\/blog.polityka.pl\/chetkowski\/wp-json\/wp\/v2\/users\/1"}],"replies":[{"embeddable":true,"href":"https:\/\/blog.polityka.pl\/chetkowski\/wp-json\/wp\/v2\/comments?post=13420"}],"version-history":[{"count":2,"href":"https:\/\/blog.polityka.pl\/chetkowski\/wp-json\/wp\/v2\/posts\/13420\/revisions"}],"predecessor-version":[{"id":13422,"href":"https:\/\/blog.polityka.pl\/chetkowski\/wp-json\/wp\/v2\/posts\/13420\/revisions\/13422"}],"wp:featuredmedia":[{"embeddable":true,"href":"https:\/\/blog.polityka.pl\/chetkowski\/wp-json\/wp\/v2\/media\/12766"}],"wp:attachment":[{"href":"https:\/\/blog.polityka.pl\/chetkowski\/wp-json\/wp\/v2\/media?parent=13420"}],"wp:term":[{"taxonomy":"category","embeddable":true,"href":"https:\/\/blog.polityka.pl\/chetkowski\/wp-json\/wp\/v2\/categories?post=13420"},{"taxonomy":"post_tag","embeddable":true,"href":"https:\/\/blog.polityka.pl\/chetkowski\/wp-json\/wp\/v2\/tags?post=13420"}],"curies":[{"name":"wp","href":"https:\/\/api.w.org\/{rel}","templated":true}]}}