
{"id":13428,"date":"2023-07-05T10:06:31","date_gmt":"2023-07-05T08:06:31","guid":{"rendered":"http:\/\/chetkowski.blog.polityka.pl\/?p=13428"},"modified":"2023-07-06T11:05:21","modified_gmt":"2023-07-06T09:05:21","slug":"w-piatek-wyniki-matury-zdajacy-nastawiaja-sie-na-podwazanie-wynikow-egzaminu","status":"publish","type":"post","link":"https:\/\/blog.polityka.pl\/chetkowski\/2023\/07\/05\/w-piatek-wyniki-matury-zdajacy-nastawiaja-sie-na-podwazanie-wynikow-egzaminu\/","title":{"rendered":"W pi\u0105tek wyniki matury. Zdaj\u0105cy nastawiaj\u0105 si\u0119 na podwa\u017canie wynik\u00f3w egzaminu"},"content":{"rendered":"\n<p>Kole\u017canki i koledzy pracuj\u0105cy przy sprawdzaniu matur &#8211; liderzy zespo\u0142\u00f3w &#8211; m\u00f3wi\u0105, \u017ce radzono im, aby nie planowali urlopu w czasie og\u0142aszania wynik\u00f3w egzaminu, gdy\u017c mo\u017ce by\u0107 du\u017co odwo\u0142a\u0144. Dzisiejsza m\u0142odzie\u017c nie jest bowiem tak ugodowa, aby akceptowa\u0107 ka\u017cdy wynik.<\/p>\n\n\n\n<!--more-->\n\n\n\n<p>Pr\u00f3b podwa\u017cenia wynik\u00f3w w tym roku mo\u017ce by\u0107 szczeg\u00f3lnie du\u017co. Pracownicy Okr\u0119gowych Komisji Egzaminacyjnych o urlopie w lipcu, a by\u0107 mo\u017ce nawet w sierpniu mog\u0105 zapomnie\u0107. Nikt nie wie, ile tych odwo\u0142a\u0144 b\u0119dzie. Sami uczniowie zapowiadali, \u017ce nie daruj\u0105 \u017cadnej w\u0105tpliwo\u015bci.<\/p>\n\n\n\n<p>\u015awiadomo\u015b\u0107, \u017ce b\u0119d\u0105 odwo\u0142ania, towarzyszy\u0142a egzaminatorom podczas sprawdzania matur. Ka\u017cd\u0105 w\u0105tpliwo\u015b\u0107 rozstrzygano wi\u0119c na korzy\u015b\u0107 zdaj\u0105cych. Nieraz a\u017c do przesady. To mo\u017ce jednak nie wystarczy\u0107, aby maturzy\u015bci zrezygnowali z pr\u00f3b podwa\u017cania wynik\u00f3w. Ka\u017cdy ucze\u0144 sprawdzi\u0142 na podstawie materia\u0142\u00f3w dost\u0119pnych w sieci, jaki wynik powinien uzyska\u0107. Je\u015bli oka\u017ce si\u0119 mniejszy, b\u0119dzie si\u0119 odwo\u0142ywa\u0142.<\/p>\n\n\n\n<p>Maturzysta ma prawo si\u0119 odwo\u0142a\u0107. Warto jednak pami\u0119ta\u0107, \u017ce pracownicy OKE s\u0105 s\u0119dziami we w\u0142asnej sprawie, trudno zatem spodziewa\u0107 si\u0119 pe\u0142nej sprawiedliwo\u015bci. Aby tak by\u0142o, odwo\u0142ania musieliby rozpatrywa\u0107 zewn\u0119trzni eksperci.&nbsp;<\/p>\n","protected":false},"excerpt":{"rendered":"<p>Kole\u017canki i koledzy pracuj\u0105cy przy sprawdzaniu matur &#8211; liderzy zespo\u0142\u00f3w &#8211; m\u00f3wi\u0105, \u017ce radzono im, aby nie planowali urlopu w czasie og\u0142aszania wynik\u00f3w egzaminu, gdy\u017c mo\u017ce by\u0107 du\u017co odwo\u0142a\u0144. Dzisiejsza m\u0142odzie\u017c nie jest bowiem tak ugodowa, aby akceptowa\u0107 ka\u017cdy wynik.<\/p>\n","protected":false},"author":1,"featured_media":10101,"comment_status":"open","ping_status":"closed","sticky":false,"template":"","format":"standard","meta":{"footnotes":""},"categories":[1],"tags":[],"_links":{"self":[{"href":"https:\/\/blog.polityka.pl\/chetkowski\/wp-json\/wp\/v2\/posts\/13428"}],"collection":[{"href":"https:\/\/blog.polityka.pl\/chetkowski\/wp-json\/wp\/v2\/posts"}],"about":[{"href":"https:\/\/blog.polityka.pl\/chetkowski\/wp-json\/wp\/v2\/types\/post"}],"author":[{"embeddable":true,"href":"https:\/\/blog.polityka.pl\/chetkowski\/wp-json\/wp\/v2\/users\/1"}],"replies":[{"embeddable":true,"href":"https:\/\/blog.polityka.pl\/chetkowski\/wp-json\/wp\/v2\/comments?post=13428"}],"version-history":[{"count":1,"href":"https:\/\/blog.polityka.pl\/chetkowski\/wp-json\/wp\/v2\/posts\/13428\/revisions"}],"predecessor-version":[{"id":13429,"href":"https:\/\/blog.polityka.pl\/chetkowski\/wp-json\/wp\/v2\/posts\/13428\/revisions\/13429"}],"wp:featuredmedia":[{"embeddable":true,"href":"https:\/\/blog.polityka.pl\/chetkowski\/wp-json\/wp\/v2\/media\/10101"}],"wp:attachment":[{"href":"https:\/\/blog.polityka.pl\/chetkowski\/wp-json\/wp\/v2\/media?parent=13428"}],"wp:term":[{"taxonomy":"category","embeddable":true,"href":"https:\/\/blog.polityka.pl\/chetkowski\/wp-json\/wp\/v2\/categories?post=13428"},{"taxonomy":"post_tag","embeddable":true,"href":"https:\/\/blog.polityka.pl\/chetkowski\/wp-json\/wp\/v2\/tags?post=13428"}],"curies":[{"name":"wp","href":"https:\/\/api.w.org\/{rel}","templated":true}]}}