
{"id":13448,"date":"2023-07-12T09:30:01","date_gmt":"2023-07-12T07:30:01","guid":{"rendered":"http:\/\/chetkowski.blog.polityka.pl\/?p=13448"},"modified":"2023-07-12T10:40:29","modified_gmt":"2023-07-12T08:40:29","slug":"w-szkolach-podstawowych-brakuje-sredniakow","status":"publish","type":"post","link":"https:\/\/blog.polityka.pl\/chetkowski\/2023\/07\/12\/w-szkolach-podstawowych-brakuje-sredniakow\/","title":{"rendered":"W szko\u0142ach podstawowych brakuje \u015bredniak\u00f3w"},"content":{"rendered":"\n<p>Egzamin \u00f3smoklasisty ujawnia, \u017ce w podstaw\u00f3wkach brakuje uczni\u00f3w \u015brednich. Jest za to du\u017co s\u0142abych i bardzo dobrych. Minister Czarnek obieca\u0142, \u017ce si\u0119 temu przyjrzy.<\/p>\n\n\n\n<!--more-->\n\n\n\n<p>Ju\u017c po raz drugi egzamin \u00f3smoklasisty du\u017co uczni\u00f3w zdaje bardzo s\u0142abo i r\u00f3wnie du\u017co bardzo dobrze. Natomiast niewielu uczni\u00f3w osi\u0105ga wyniki \u015brednie. Tak by\u0142o rok temu i tak jest teraz.<\/p>\n\n\n\n<p>Wyniki \u015brednie powinny dominowa\u0107. Je\u015bli wychodzi inaczej, albo co\u015b jest nie tak z egzaminami (arkusze egzaminacyjne s\u0105 wadliwe), albo z podstaw\u0105 programow\u0105 (za trudna dla s\u0142abych, za \u0142atwa dla dobrych).<\/p>\n\n\n\n<p>Podstawa programowa obowi\u0105zuj\u0105ca w szko\u0142ach ponadpodstawowych jest pisana dla uczni\u00f3w \u015brednich. Gdy do lice\u00f3w i technik\u00f3w trafiaj\u0105 inni uczniowie (bardzo s\u0142abi i bardzo dobrzy), a \u015bredniak\u00f3w brakuje, pojawia si\u0119 problem. S\u0142abi si\u0119 m\u0119cz\u0105, a dobrzy nudz\u0105.<\/p>\n\n\n\n<p>Nauczyciele powinni dostosowa\u0107 nauczanie do poziomu uczni\u00f3w. Jest to trudne, gdy mi\u0119dzy uczniami wyst\u0119puje przepa\u015b\u0107. \u015aredniacy w liceach, podobnie jak w \u017cyciu, s\u0105 bardzo potrzebni. Gdy w klasie s\u0105 tylko dwie grupy uczni\u00f3w &#8211; s\u0142abi i dobrzy \u2013 \u0142atwo o konflikty. Z\u0142oszcz\u0105 si\u0119 tak\u017ce rodzice uczni\u00f3w &#8211; i jednych, i drugich.<\/p>\n\n\n\n<p>Dawniej oskar\u017cali\u015bmy szko\u0142\u0119, \u017ce produkuje g\u0142\u00f3wnie \u015bredniak\u00f3w. Egzamin \u00f3smoklasisty dowodzi, \u017ce to przesz\u0142o\u015b\u0107.<\/p>\n\n\n\n<p>Info o braku \u015bredniak\u00f3w <a href=\"https:\/\/wiadomosci.radiozet.pl\/polska\/wyniki-egzaminu-osmoklasisty-do-specjalnej-analizy-czarnek-zabiera-glos\" target=\"_blank\" rel=\"noreferrer noopener\" aria-label=\"tutaj (opens in a new tab)\">tutaj<\/a>.<\/p>\n","protected":false},"excerpt":{"rendered":"<p>Egzamin \u00f3smoklasisty ujawnia, \u017ce w podstaw\u00f3wkach brakuje uczni\u00f3w \u015brednich. Jest za to du\u017co s\u0142abych i bardzo dobrych. Minister Czarnek obieca\u0142, \u017ce si\u0119 temu przyjrzy.<\/p>\n","protected":false},"author":1,"featured_media":9508,"comment_status":"open","ping_status":"closed","sticky":false,"template":"","format":"standard","meta":{"footnotes":""},"categories":[1],"tags":[],"_links":{"self":[{"href":"https:\/\/blog.polityka.pl\/chetkowski\/wp-json\/wp\/v2\/posts\/13448"}],"collection":[{"href":"https:\/\/blog.polityka.pl\/chetkowski\/wp-json\/wp\/v2\/posts"}],"about":[{"href":"https:\/\/blog.polityka.pl\/chetkowski\/wp-json\/wp\/v2\/types\/post"}],"author":[{"embeddable":true,"href":"https:\/\/blog.polityka.pl\/chetkowski\/wp-json\/wp\/v2\/users\/1"}],"replies":[{"embeddable":true,"href":"https:\/\/blog.polityka.pl\/chetkowski\/wp-json\/wp\/v2\/comments?post=13448"}],"version-history":[{"count":3,"href":"https:\/\/blog.polityka.pl\/chetkowski\/wp-json\/wp\/v2\/posts\/13448\/revisions"}],"predecessor-version":[{"id":13451,"href":"https:\/\/blog.polityka.pl\/chetkowski\/wp-json\/wp\/v2\/posts\/13448\/revisions\/13451"}],"wp:featuredmedia":[{"embeddable":true,"href":"https:\/\/blog.polityka.pl\/chetkowski\/wp-json\/wp\/v2\/media\/9508"}],"wp:attachment":[{"href":"https:\/\/blog.polityka.pl\/chetkowski\/wp-json\/wp\/v2\/media?parent=13448"}],"wp:term":[{"taxonomy":"category","embeddable":true,"href":"https:\/\/blog.polityka.pl\/chetkowski\/wp-json\/wp\/v2\/categories?post=13448"},{"taxonomy":"post_tag","embeddable":true,"href":"https:\/\/blog.polityka.pl\/chetkowski\/wp-json\/wp\/v2\/tags?post=13448"}],"curies":[{"name":"wp","href":"https:\/\/api.w.org\/{rel}","templated":true}]}}