
{"id":13454,"date":"2023-07-13T10:46:58","date_gmt":"2023-07-13T08:46:58","guid":{"rendered":"http:\/\/chetkowski.blog.polityka.pl\/?p=13454"},"modified":"2023-07-13T11:26:35","modified_gmt":"2023-07-13T09:26:35","slug":"dorosli-uczniowie-nie-chca-byc-traktowani-jak-dzieci","status":"publish","type":"post","link":"https:\/\/blog.polityka.pl\/chetkowski\/2023\/07\/13\/dorosli-uczniowie-nie-chca-byc-traktowani-jak-dzieci\/","title":{"rendered":"Doro\u015bli uczniowie nie chc\u0105 by\u0107 traktowani jak dzieci"},"content":{"rendered":"\n<p>Do Rzecznika Praw Obywatelskich wp\u0142ywaj\u0105 skargi od uczni\u00f3w, kt\u00f3rzy mimo uko\u0144czenia 18 lat wci\u0105\u017c s\u0105 traktowani w szkole jak dzieci. Na przyk\u0142ad nie pozwala im si\u0119 wychodzi\u0107 z budynku podczas przerw, samodzielnie usprawiedliwia\u0107 nieobecno\u015bci albo decydowa\u0107 o tym, czy pojad\u0105 na wycieczk\u0119. Szko\u0142y za ka\u017cdym razem prosz\u0105 rodzic\u00f3w o zgod\u0119.<\/p>\n\n\n\n<!--more-->\n\n\n\n<p>Uczniowie s\u0105 doro\u015bli, a mimo to wychowawca ma obowi\u0105zek poinformowania rodzic\u00f3w o zagro\u017ceniu ocen\u0105 niedostateczn\u0105 albo nieklasyfikowaniem. Pe\u0142noletni uczniowie domagaj\u0105 si\u0119 prawa do zastrzegania informacji na sw\u00f3j temat i nieinformowania nikogo o ocenach.<\/p>\n\n\n\n<p>By\u0142em w tym roku na szkoleniu. Wynaj\u0119ty przez dyrekcj\u0119 specjalista zapewnia\u0142 nauczycieli, \u017ce dop\u00f3ki rodzice utrzymuj\u0105 dziecko, maj\u0105 prawo do informacji o jego ocenach, usprawiedliwiania nieobecno\u015bci oraz decydowania, czy we\u017amie udzia\u0142 w p\u0142atnej wycieczce. Doros\u0142y cz\u0142owiek, kt\u00f3ry si\u0119 uczy i nie pracuje, nie mo\u017ce tego zastrzec.&nbsp;<\/p>\n\n\n\n<p>Nauczyciele kieruj\u0105 si\u0119 zasad\u0105, \u017ce w szko\u0142ach wszyscy powinni by\u0107 traktowani jednakowo. Nie mo\u017ce by\u0107 tak, \u017ce w dniu uko\u0144czenia 18 lat uczniowi wolno wi\u0119cej, gdy\u017c dzia\u0142a\u0142oby to demoralizuj\u0105co na osoby niepe\u0142noletnie. Uczniowie nie zgadzaj\u0105 si\u0119 z tak\u0105 interpretacj\u0105 prawa, dlatego pisz\u0105 do RPO.<\/p>\n\n\n\n<p>Rzecznik prosi kurator\u00f3w, aby przeprowadzili kampani\u0119 informacyjn\u0105 w szko\u0142ach na temat praw ucznia pe\u0142noletniego. Spodziewamy si\u0119 wi\u0119c co najmniej pisma z kuratorium, kt\u00f3re naka\u017ce nam przejrze\u0107 statut szko\u0142y i dokona\u0107 poprawek. By\u0107 mo\u017ce nawet b\u0119d\u0105 kontrole.&nbsp;<\/p>\n\n\n\n<p>Rzecznikowi chodzi jednak o to, aby kuratorzy pomogli nauczycielom w\u0142a\u015bciwie zrozumie\u0107 prawo, a nie kontrolowali. Obecnie mamy chaos w tej dziedzinie. Co szko\u0142a, to inny spos\u00f3b traktowania pe\u0142noletnich uczni\u00f3w (szczeg\u00f3\u0142y skarg do RPO<a href=\"https:\/\/www.portalsamorzadowy.pl\/edukacja\/to-wrecz-powszechne-szkoly-nagminnie-lamia-prawo-pomoga-kuratorzy-oswiaty,475381.html\" target=\"_blank\" rel=\"noreferrer noopener\" aria-label=\" tutaj (opens in a new tab)\"> tutaj<\/a>).&nbsp;<\/p>\n","protected":false},"excerpt":{"rendered":"<p>Do Rzecznika Praw Obywatelskich wp\u0142ywaj\u0105 skargi od uczni\u00f3w, kt\u00f3rzy mimo uko\u0144czenia 18 lat wci\u0105\u017c s\u0105 traktowani w szkole jak dzieci. Na przyk\u0142ad nie pozwala im si\u0119 wychodzi\u0107 z budynku podczas przerw, samodzielnie usprawiedliwia\u0107 nieobecno\u015bci albo decydowa\u0107 o tym, czy pojad\u0105 na wycieczk\u0119. Szko\u0142y za ka\u017cdym razem prosz\u0105 rodzic\u00f3w o zgod\u0119.<\/p>\n","protected":false},"author":1,"featured_media":12775,"comment_status":"open","ping_status":"closed","sticky":false,"template":"","format":"standard","meta":{"footnotes":""},"categories":[1],"tags":[],"_links":{"self":[{"href":"https:\/\/blog.polityka.pl\/chetkowski\/wp-json\/wp\/v2\/posts\/13454"}],"collection":[{"href":"https:\/\/blog.polityka.pl\/chetkowski\/wp-json\/wp\/v2\/posts"}],"about":[{"href":"https:\/\/blog.polityka.pl\/chetkowski\/wp-json\/wp\/v2\/types\/post"}],"author":[{"embeddable":true,"href":"https:\/\/blog.polityka.pl\/chetkowski\/wp-json\/wp\/v2\/users\/1"}],"replies":[{"embeddable":true,"href":"https:\/\/blog.polityka.pl\/chetkowski\/wp-json\/wp\/v2\/comments?post=13454"}],"version-history":[{"count":4,"href":"https:\/\/blog.polityka.pl\/chetkowski\/wp-json\/wp\/v2\/posts\/13454\/revisions"}],"predecessor-version":[{"id":13458,"href":"https:\/\/blog.polityka.pl\/chetkowski\/wp-json\/wp\/v2\/posts\/13454\/revisions\/13458"}],"wp:featuredmedia":[{"embeddable":true,"href":"https:\/\/blog.polityka.pl\/chetkowski\/wp-json\/wp\/v2\/media\/12775"}],"wp:attachment":[{"href":"https:\/\/blog.polityka.pl\/chetkowski\/wp-json\/wp\/v2\/media?parent=13454"}],"wp:term":[{"taxonomy":"category","embeddable":true,"href":"https:\/\/blog.polityka.pl\/chetkowski\/wp-json\/wp\/v2\/categories?post=13454"},{"taxonomy":"post_tag","embeddable":true,"href":"https:\/\/blog.polityka.pl\/chetkowski\/wp-json\/wp\/v2\/tags?post=13454"}],"curies":[{"name":"wp","href":"https:\/\/api.w.org\/{rel}","templated":true}]}}