
{"id":13459,"date":"2023-07-14T11:07:45","date_gmt":"2023-07-14T09:07:45","guid":{"rendered":"http:\/\/chetkowski.blog.polityka.pl\/?p=13459"},"modified":"2023-07-14T23:24:46","modified_gmt":"2023-07-14T21:24:46","slug":"nauczyciele-nie-chca-pracowac-w-przeladowanych-klasach","status":"publish","type":"post","link":"https:\/\/blog.polityka.pl\/chetkowski\/2023\/07\/14\/nauczyciele-nie-chca-pracowac-w-przeladowanych-klasach\/","title":{"rendered":"Nauczyciele nie chc\u0105 pracowa\u0107 w bardzo licznych klasach"},"content":{"rendered":"\n<p>W tym roku w liceach nie zabraknie uczni\u00f3w, natomiast na pewno zabraknie nauczycieli. Je\u015bli dyrektorzy oka\u017c\u0105 serce dzieciom i przepe\u0142ni\u0105 klasy pierwsze, mo\u017ce si\u0119 okaza\u0107, \u017ce nie b\u0119dzie ch\u0119tnych do pracy w takich warunkach.<\/p>\n\n\n\n<!--more-->\n\n\n\n<p>Skoro w publicznych szko\u0142ach nie mo\u017cna stawia\u0107 warunk\u00f3w finansowych, nauczyciele domagaj\u0105 si\u0119 czego\u015b innego: pracy w mniej licznych klasach. Dyrektorzy wiedz\u0105, \u017ce \u0142atwiej b\u0119dzie im znale\u017a\u0107 ch\u0119tnych do pracy, gdy klasy nie b\u0119d\u0105 przepe\u0142nione.<\/p>\n\n\n\n<p>Oczywi\u015bcie nie wszyscy nauczyciele mog\u0105 sobie pozwoli\u0107 na stawianie warunk\u00f3w, ale niekt\u00f3rzy mog\u0105. Matematycy cz\u0119sto od tego zaczynaj\u0105 rozmow\u0119, czyli od ustalenia, ile os\u00f3b licz\u0105 klasy. Je\u015bli grubo powy\u017cej 30. os\u00f3b, rezygnuj\u0105 z takiej szko\u0142y. Bez problemu znajd\u0105 lepsz\u0105.<\/p>\n\n\n\n<p>Dzisiaj w \u0141odzi og\u0142aszane s\u0105 wyniki rekrutacji do szk\u00f3\u0142 ponadpodstawowych. Wst\u0119pnie klasy licz\u0105 po 30 os\u00f3b. Jednak potem zaczynaj\u0105 si\u0119 pielgrzymki do dyrektora, aby zrobi\u0142 wyj\u0105tek i przyj\u0105\u0142 jeszcze jedno dziecko, potem jeszcze jedno i jeszcze jedno. Robi si\u0119 z tego nieraz 34-36 os\u00f3b. Ze znalezieniem nauczycieli do takiego zespo\u0142u b\u0119dzie wielki problem.<\/p>\n","protected":false},"excerpt":{"rendered":"<p>W tym roku w liceach nie zabraknie uczni\u00f3w, natomiast na pewno zabraknie nauczycieli. Je\u015bli dyrektorzy oka\u017c\u0105 serce dzieciom i przepe\u0142ni\u0105 klasy pierwsze, mo\u017ce si\u0119 okaza\u0107, \u017ce nie b\u0119dzie ch\u0119tnych do pracy w takich warunkach.<\/p>\n","protected":false},"author":1,"featured_media":11738,"comment_status":"open","ping_status":"closed","sticky":false,"template":"","format":"standard","meta":{"footnotes":""},"categories":[1],"tags":[],"_links":{"self":[{"href":"https:\/\/blog.polityka.pl\/chetkowski\/wp-json\/wp\/v2\/posts\/13459"}],"collection":[{"href":"https:\/\/blog.polityka.pl\/chetkowski\/wp-json\/wp\/v2\/posts"}],"about":[{"href":"https:\/\/blog.polityka.pl\/chetkowski\/wp-json\/wp\/v2\/types\/post"}],"author":[{"embeddable":true,"href":"https:\/\/blog.polityka.pl\/chetkowski\/wp-json\/wp\/v2\/users\/1"}],"replies":[{"embeddable":true,"href":"https:\/\/blog.polityka.pl\/chetkowski\/wp-json\/wp\/v2\/comments?post=13459"}],"version-history":[{"count":4,"href":"https:\/\/blog.polityka.pl\/chetkowski\/wp-json\/wp\/v2\/posts\/13459\/revisions"}],"predecessor-version":[{"id":13463,"href":"https:\/\/blog.polityka.pl\/chetkowski\/wp-json\/wp\/v2\/posts\/13459\/revisions\/13463"}],"wp:featuredmedia":[{"embeddable":true,"href":"https:\/\/blog.polityka.pl\/chetkowski\/wp-json\/wp\/v2\/media\/11738"}],"wp:attachment":[{"href":"https:\/\/blog.polityka.pl\/chetkowski\/wp-json\/wp\/v2\/media?parent=13459"}],"wp:term":[{"taxonomy":"category","embeddable":true,"href":"https:\/\/blog.polityka.pl\/chetkowski\/wp-json\/wp\/v2\/categories?post=13459"},{"taxonomy":"post_tag","embeddable":true,"href":"https:\/\/blog.polityka.pl\/chetkowski\/wp-json\/wp\/v2\/tags?post=13459"}],"curies":[{"name":"wp","href":"https:\/\/api.w.org\/{rel}","templated":true}]}}