
{"id":13466,"date":"2023-07-20T13:54:41","date_gmt":"2023-07-20T11:54:41","guid":{"rendered":"http:\/\/chetkowski.blog.polityka.pl\/?p=13466"},"modified":"2023-07-20T13:54:41","modified_gmt":"2023-07-20T11:54:41","slug":"licea-powinny-otworzyc-wiecej-klas-aby-wszyscy-chetni-sie-zmiescili","status":"publish","type":"post","link":"https:\/\/blog.polityka.pl\/chetkowski\/2023\/07\/20\/licea-powinny-otworzyc-wiecej-klas-aby-wszyscy-chetni-sie-zmiescili\/","title":{"rendered":"Licea powinny otworzy\u0107 wi\u0119cej klas, aby wszyscy ch\u0119tni si\u0119 zmie\u015bcili"},"content":{"rendered":"\n<p>Licea przygotowa\u0142y za ma\u0142o miejsc w klasach pierwszych. Teraz wszyscy, kt\u00f3rzy si\u0119 nie zmie\u015bcili, naciskaj\u0105, aby miejsc by\u0142o wi\u0119cej. Niech og\u00f3lniaki otworz\u0105 dodatkowe klasy. Co im szkodzi?<\/p>\n\n\n\n<!--more-->\n\n\n\n<p>S\u0105 wolne miejsca w szko\u0142ach bran\u017cowych, ale nie budz\u0105 zainteresowania. Rodzice traktuj\u0105 je jako najgorsze z\u0142o. Nie dla w\u0142asnego dziecka. Niech inni si\u0119 tam wybieraj\u0105, ale na pewno nie moja c\u00f3rka czy syn. Og\u00f3lniak, nawet najgorszy, jest lepszy ni\u017c zawod\u00f3wka.&nbsp;<\/p>\n\n\n\n<p>Trafiaj\u0105 si\u0119 wyj\u0105tki, jak chocia\u017cby ciesz\u0105cy si\u0119 du\u017cym wzi\u0119ciem \u0142\u00f3dzki gastronomik, ale og\u00f3lnie panuje przekonanie, \u017ce szko\u0142a bran\u017cowa jest poni\u017cej poziomu nawet najs\u0142abszego dziecka. Dlatego nale\u017cy je koniecznie wepchn\u0105\u0107 do liceum. Jak nie mo\u017cna przekona\u0107 dyrektora, aby przyj\u0105\u0142, trzeba poruszy\u0107 wy\u017csze w\u0142adze.<\/p>\n\n\n\n<p>Zdesperowani rodzice musz\u0105 mie\u0107 wielk\u0105 si\u0142\u0119 przebicia, gdy\u017c og\u00f3lniaki s\u0105 naciskane przez organ prowadz\u0105cy, aby otworzy\u0107 dodatkowe klasy. Pro\u015bba w\u0142adzy to w\u0142a\u015bciwie polecenie. P\u00f3\u017aniej si\u0119 pomy\u015bli, sk\u0105d wzi\u0105\u0107 nauczycieli do dodatkowej klasy.<\/p>\n","protected":false},"excerpt":{"rendered":"<p>Licea przygotowa\u0142y za ma\u0142o miejsc w klasach pierwszych. Teraz wszyscy, kt\u00f3rzy si\u0119 nie zmie\u015bcili, naciskaj\u0105, aby miejsc by\u0142o wi\u0119cej. Niech og\u00f3lniaki otworz\u0105 dodatkowe klasy. Co im szkodzi?<\/p>\n","protected":false},"author":1,"featured_media":0,"comment_status":"open","ping_status":"closed","sticky":false,"template":"","format":"standard","meta":{"footnotes":""},"categories":[1],"tags":[],"_links":{"self":[{"href":"https:\/\/blog.polityka.pl\/chetkowski\/wp-json\/wp\/v2\/posts\/13466"}],"collection":[{"href":"https:\/\/blog.polityka.pl\/chetkowski\/wp-json\/wp\/v2\/posts"}],"about":[{"href":"https:\/\/blog.polityka.pl\/chetkowski\/wp-json\/wp\/v2\/types\/post"}],"author":[{"embeddable":true,"href":"https:\/\/blog.polityka.pl\/chetkowski\/wp-json\/wp\/v2\/users\/1"}],"replies":[{"embeddable":true,"href":"https:\/\/blog.polityka.pl\/chetkowski\/wp-json\/wp\/v2\/comments?post=13466"}],"version-history":[{"count":1,"href":"https:\/\/blog.polityka.pl\/chetkowski\/wp-json\/wp\/v2\/posts\/13466\/revisions"}],"predecessor-version":[{"id":13467,"href":"https:\/\/blog.polityka.pl\/chetkowski\/wp-json\/wp\/v2\/posts\/13466\/revisions\/13467"}],"wp:attachment":[{"href":"https:\/\/blog.polityka.pl\/chetkowski\/wp-json\/wp\/v2\/media?parent=13466"}],"wp:term":[{"taxonomy":"category","embeddable":true,"href":"https:\/\/blog.polityka.pl\/chetkowski\/wp-json\/wp\/v2\/categories?post=13466"},{"taxonomy":"post_tag","embeddable":true,"href":"https:\/\/blog.polityka.pl\/chetkowski\/wp-json\/wp\/v2\/tags?post=13466"}],"curies":[{"name":"wp","href":"https:\/\/api.w.org\/{rel}","templated":true}]}}