
{"id":13474,"date":"2023-07-25T13:56:56","date_gmt":"2023-07-25T11:56:56","guid":{"rendered":"http:\/\/chetkowski.blog.polityka.pl\/?p=13474"},"modified":"2023-07-25T13:56:56","modified_gmt":"2023-07-25T11:56:56","slug":"skad-wziac-25-tysiecy-nauczycieli-brakuje-nawet-polonistow","status":"publish","type":"post","link":"https:\/\/blog.polityka.pl\/chetkowski\/2023\/07\/25\/skad-wziac-25-tysiecy-nauczycieli-brakuje-nawet-polonistow\/","title":{"rendered":"Sk\u0105d wzi\u0105\u0107 25 tysi\u0119cy nauczycieli? Brakuje nawet polonist\u00f3w"},"content":{"rendered":"\n<p>Je\u015bli dyrektor postanowi\u0142, \u017ce p\u00f3jdzie na urlop dopiero wtedy, jak skompletuje zesp\u00f3\u0142, to chyba nie p\u00f3jdzie. Brakuje nauczycieli nieomal wszystkich przedmiot\u00f3w, nawet polonist\u00f3w.&nbsp;<\/p>\n\n\n\n<!--more-->\n\n\n\n<p>Jak wylicza Robert G\u00f3rniak na stronie \u201eDealerzy Wiedzy\u201d, liczba wakat\u00f3w zbli\u017ca si\u0119 ju\u017c do 25 tysi\u0119cy (podaj\u0119 za \u201eG\u0142osem Nauczycielskim\u201d \u2013 zobacz <a href=\"https:\/\/glos.pl\/najnowsze-dane-dealerow-wiedzy-o-liczbie-wakatow-w-szkolach-brakuje-prawie-25-tys-nauczycieli\" target=\"_blank\" rel=\"noreferrer noopener\" aria-label=\"tutaj (opens in a new tab)\">tutaj<\/a>).<\/p>\n\n\n\n<p>Nie dziwi ponad tysi\u0105c sto wakat\u00f3w nauczycieli matematyki, zdumiewa natomiast prawie tysi\u0105c wolnych etat\u00f3w dla polonist\u00f3w. W\u0142a\u015bciwie w ka\u017cdym du\u017cym mie\u015bcie powinno zwo\u0142a\u0107 si\u0119 sztab kryzysowy z udzia\u0142em kuratora o\u015bwiaty, aby ustali\u0107, co robi\u0107, je\u015bli nauczyciele si\u0119 nie znajd\u0105.<\/p>\n\n\n\n<p>Karta Nauczyciela zezwala na czasowe przeniesienie nauczyciela z jednej szko\u0142y do innej. Zwykle odbywa si\u0119 to na pro\u015bb\u0119 pracownika, ale prawo zezwala te\u017c, aby inicjatywa by\u0142a po stronie pracodawcy. Mo\u017cna by si\u0119 rozejrze\u0107 po mniejszych miejscowo\u015bciach i poszuka\u0107 tam specjalist\u00f3w. Nale\u017ca\u0142oby ich oddelegowa\u0107 czasowo do pracy w szko\u0142ach, gdzie s\u0105 najwi\u0119ksze braki.<\/p>\n\n\n\n<p>Przyje\u017cd\u017ca\u0142 do mnie w minionym roku szkolnym na praktyki nauczyciel z mniejszej miejscowo\u015bci. Opowiada\u0142, \u017ce musi zdoby\u0107 kwalifikacje do nauczania kolejnego przedmiotu, gdy\u017c nadal ch\u0119tnych do pracy w szkole w jego regionie jest wi\u0119cej ni\u017c etat\u00f3w. Ludzie wci\u0105\u017c walcz\u0105 tam o godziny.<\/p>\n\n\n\n<p>\u017beby zape\u0142ni\u0107 wakaty, potrzebne s\u0105 pieni\u0105dze. Albo trzeba zap\u0142aci\u0107 nauczycielom, kt\u00f3rych si\u0119 oddeleguje do pracy w innych szko\u0142ach, albo nale\u017cy podwy\u017cszy\u0107 wynagrodzenia w o\u015bwiacie, wtedy sami si\u0119 znajd\u0105. W\u0142adza jednak nic nie robi, jedynie znios\u0142a przepis, \u017ce nauczyciel nie mo\u017ce pracowa\u0107 na wi\u0119cej ni\u017c p\u00f3\u0142tora etatu. Teraz ju\u017c mo\u017ce. I to niby ma by\u0107 rozwi\u0105zanie problemu?<\/p>\n","protected":false},"excerpt":{"rendered":"<p>Je\u015bli dyrektor postanowi\u0142, \u017ce p\u00f3jdzie na urlop dopiero wtedy, jak skompletuje zesp\u00f3\u0142, to chyba nie p\u00f3jdzie. Brakuje nauczycieli nieomal wszystkich przedmiot\u00f3w, nawet polonist\u00f3w.&nbsp;<\/p>\n","protected":false},"author":1,"featured_media":0,"comment_status":"open","ping_status":"closed","sticky":false,"template":"","format":"standard","meta":{"footnotes":""},"categories":[1],"tags":[],"_links":{"self":[{"href":"https:\/\/blog.polityka.pl\/chetkowski\/wp-json\/wp\/v2\/posts\/13474"}],"collection":[{"href":"https:\/\/blog.polityka.pl\/chetkowski\/wp-json\/wp\/v2\/posts"}],"about":[{"href":"https:\/\/blog.polityka.pl\/chetkowski\/wp-json\/wp\/v2\/types\/post"}],"author":[{"embeddable":true,"href":"https:\/\/blog.polityka.pl\/chetkowski\/wp-json\/wp\/v2\/users\/1"}],"replies":[{"embeddable":true,"href":"https:\/\/blog.polityka.pl\/chetkowski\/wp-json\/wp\/v2\/comments?post=13474"}],"version-history":[{"count":2,"href":"https:\/\/blog.polityka.pl\/chetkowski\/wp-json\/wp\/v2\/posts\/13474\/revisions"}],"predecessor-version":[{"id":13476,"href":"https:\/\/blog.polityka.pl\/chetkowski\/wp-json\/wp\/v2\/posts\/13474\/revisions\/13476"}],"wp:attachment":[{"href":"https:\/\/blog.polityka.pl\/chetkowski\/wp-json\/wp\/v2\/media?parent=13474"}],"wp:term":[{"taxonomy":"category","embeddable":true,"href":"https:\/\/blog.polityka.pl\/chetkowski\/wp-json\/wp\/v2\/categories?post=13474"},{"taxonomy":"post_tag","embeddable":true,"href":"https:\/\/blog.polityka.pl\/chetkowski\/wp-json\/wp\/v2\/tags?post=13474"}],"curies":[{"name":"wp","href":"https:\/\/api.w.org\/{rel}","templated":true}]}}