
{"id":13485,"date":"2023-07-31T13:38:21","date_gmt":"2023-07-31T11:38:21","guid":{"rendered":"http:\/\/chetkowski.blog.polityka.pl\/?p=13485"},"modified":"2023-07-31T13:38:21","modified_gmt":"2023-07-31T11:38:21","slug":"w-klasach-pierwszych-sa-jeszcze-wolne-miejsca-ale-dla-kogo","status":"publish","type":"post","link":"https:\/\/blog.polityka.pl\/chetkowski\/2023\/07\/31\/w-klasach-pierwszych-sa-jeszcze-wolne-miejsca-ale-dla-kogo\/","title":{"rendered":"W klasach pierwszych s\u0105 jeszcze wolne miejsca, ale dla kogo?"},"content":{"rendered":"\n<p>Rodzice dzieci, kt\u00f3re nie dosta\u0142y si\u0119 do wybranego liceum, wskazuj\u0105, \u017ce przecie\u017c s\u0105 jeszcze wolne miejsca w klasach pierwszych. Mo\u017cna by jeszcze kogo\u015b wepchn\u0105\u0107. Nie wiedz\u0105, \u017ce te miejsca s\u0105 zarezerwowane dla os\u00f3b, kt\u00f3re b\u0119d\u0105 powtarza\u0107 klas\u0119 pierwsz\u0105. Jest ich ca\u0142kiem sporo.<\/p>\n\n\n\n<!--more-->\n\n\n\n<p>Na razie nic nie wiadomo, gdy\u017c uczniowie z ocenami niedostatecznymi maj\u0105 prawo do zdawania egzaminu poprawkowego w ostatnich dniach sierpnia. By\u0107 mo\u017ce zostan\u0105 promowani do klasy drugiej. Je\u015bli jednak nie, musz\u0105 mie\u0107 zapewnione miejsce w klasie pierwszej.<\/p>\n\n\n\n<p>Dawniej istnia\u0142a zasada, \u017ce pierwszej klasy nie mo\u017cna powtarza\u0107 w tej samej szkole. Teraz tak nie jest, nikt nie ma prawa wyrzuci\u0107 dziecka ze szko\u0142y, w kt\u00f3rej sobie nie radzi. Gdy dyrekcja sugeruje zabranie papier\u00f3w, rodzice biegn\u0105 ze skarg\u0105 do kuratorium, \u017ce krzywdzone jest dziecko. A to bardzo powa\u017cny zarzut. Lepiej wi\u0119c niczego nie proponowa\u0107, tylko trzyma\u0107 miejsce na wszelki wypadek. Mo\u017ce zda, a mo\u017ce nie zda i we\u017amie papiery. Nic nie wiadomo.<\/p>\n\n\n\n<p>A zatem jeszcze we wrze\u015bniu mog\u0105 by\u0107 wolne miejsca w klasach pierwszych (po uczniach, kt\u00f3rzy nie powtarzaj\u0105 klasy pierwszej). Niekt\u00f3rzy kandydaci do liceum o tym wiedz\u0105, dlatego \u201ezaklepuj\u0105\u201d sobie miejsce w danej klasie. Zostan\u0105 przyj\u0119ci, je\u015bli\u2026 Pewno\u015bci nie ma, ale jak komu\u015b bardzo zale\u017cy, potrafi zaryzykowa\u0107 i czeka\u0107. W ostateczno\u015bci co\u015b si\u0119 wymy\u015bli.&nbsp;<\/p>\n","protected":false},"excerpt":{"rendered":"<p>Rodzice dzieci, kt\u00f3re nie dosta\u0142y si\u0119 do wybranego liceum, wskazuj\u0105, \u017ce przecie\u017c s\u0105 jeszcze wolne miejsca w klasach pierwszych. Mo\u017cna by jeszcze kogo\u015b wepchn\u0105\u0107. Nie wiedz\u0105, \u017ce te miejsca s\u0105 zarezerwowane dla os\u00f3b, kt\u00f3re b\u0119d\u0105 powtarza\u0107 klas\u0119 pierwsz\u0105. Jest ich ca\u0142kiem sporo.<\/p>\n","protected":false},"author":1,"featured_media":0,"comment_status":"open","ping_status":"closed","sticky":false,"template":"","format":"standard","meta":{"footnotes":""},"categories":[1],"tags":[],"_links":{"self":[{"href":"https:\/\/blog.polityka.pl\/chetkowski\/wp-json\/wp\/v2\/posts\/13485"}],"collection":[{"href":"https:\/\/blog.polityka.pl\/chetkowski\/wp-json\/wp\/v2\/posts"}],"about":[{"href":"https:\/\/blog.polityka.pl\/chetkowski\/wp-json\/wp\/v2\/types\/post"}],"author":[{"embeddable":true,"href":"https:\/\/blog.polityka.pl\/chetkowski\/wp-json\/wp\/v2\/users\/1"}],"replies":[{"embeddable":true,"href":"https:\/\/blog.polityka.pl\/chetkowski\/wp-json\/wp\/v2\/comments?post=13485"}],"version-history":[{"count":1,"href":"https:\/\/blog.polityka.pl\/chetkowski\/wp-json\/wp\/v2\/posts\/13485\/revisions"}],"predecessor-version":[{"id":13486,"href":"https:\/\/blog.polityka.pl\/chetkowski\/wp-json\/wp\/v2\/posts\/13485\/revisions\/13486"}],"wp:attachment":[{"href":"https:\/\/blog.polityka.pl\/chetkowski\/wp-json\/wp\/v2\/media?parent=13485"}],"wp:term":[{"taxonomy":"category","embeddable":true,"href":"https:\/\/blog.polityka.pl\/chetkowski\/wp-json\/wp\/v2\/categories?post=13485"},{"taxonomy":"post_tag","embeddable":true,"href":"https:\/\/blog.polityka.pl\/chetkowski\/wp-json\/wp\/v2\/tags?post=13485"}],"curies":[{"name":"wp","href":"https:\/\/api.w.org\/{rel}","templated":true}]}}