
{"id":13487,"date":"2023-07-27T14:52:43","date_gmt":"2023-07-27T12:52:43","guid":{"rendered":"http:\/\/chetkowski.blog.polityka.pl\/?p=13487"},"modified":"2023-07-27T16:08:13","modified_gmt":"2023-07-27T14:08:13","slug":"co-nauczyciele-szykuja-1-wrzesnia","status":"publish","type":"post","link":"https:\/\/blog.polityka.pl\/chetkowski\/2023\/07\/27\/co-nauczyciele-szykuja-1-wrzesnia\/","title":{"rendered":"Co nauczyciele szykuj\u0105 na 1 wrze\u015bnia?"},"content":{"rendered":"\n<p>Rok szkolny zacznie si\u0119 dopiero w poniedzia\u0142ek 4 wrze\u015bnia, natomiast w pi\u0105tek nauczyciele szykuj\u0105 co\u015b ekstra. Ka\u017cdy mo\u017ce wzi\u0105\u0107 w tym udzia\u0142, gdy\u017c 1 wrze\u015bnia nie ma lekcji. Dzieci zatem nie strac\u0105, gdy nie b\u0119dzie nas w szkole.<\/p>\n\n\n\n<!--more-->\n\n\n\n<p>ZNP chce, aby 1 wrze\u015bnia odby\u0142a si\u0119 w Warszawie pikieta nauczycieli w sprawie poprawy warunk\u00f3w pracy i p\u0142acy. G\u0142\u00f3wnie chodzi o podwy\u017cki wynagrodze\u0144. 20 proc. to minimum, aby odbi\u0107 si\u0119 od najni\u017cszej krajowej, kt\u00f3r\u0105 m\u0142odzi nauczyciele dostaj\u0105 na starcie, a starsi niewiele wi\u0119cej (szczeg\u00f3\u0142y akcji <a href=\"https:\/\/znp.edu.pl\/pikieta-znp-1-wrzesnia\/\" target=\"_blank\" rel=\"noreferrer noopener\" aria-label=\"tutaj (opens in a new tab)\">tutaj<\/a>).<\/p>\n\n\n\n<p>Ostatnia pikieta by\u0142a w sobot\u0119, wi\u0119c ludzie narzekali, \u017ce to bez sensu. Stali\u015bmy przed pustym budynkiem MEiN, Czarnek mia\u0142 wolne, wi\u0119c do nas nie wyszed\u0142, bo go nie by\u0142o. Trzeba by przyj\u015b\u0107 w normalnym dniu pracy, ale z drugiej strony szkoda dzieci itd. &#8211; dyskutowano.<\/p>\n\n\n\n<p>1 wrze\u015bnia wydaje si\u0119 idealnym terminem na akcj\u0119 nauczycieli. Jest to dzie\u0144, kt\u00f3ry w Polsce najbardziej \u2013 po 14 pa\u017adziernika \u2013 kojarzy si\u0119 ze szko\u0142\u0105. W tym roku nie strac\u0105 na naszej nieobecno\u015bci w szkole dzieci, bo jeszcze b\u0119d\u0105 trwa\u0142y wakacje. W wi\u0119kszo\u015bci szk\u00f3\u0142 egzaminy poprawkowe i posiedzenia rad pedagogicznych zaplanowano w ostatnich dniach sierpnia. Zatem nic nie stoi na przeszkodzie, aby wzi\u0105\u0107 udzia\u0142 w pikiecie. No chyba \u017ce ma si\u0119 lepszy pomys\u0142 na ten dzie\u0144.<\/p>\n","protected":false},"excerpt":{"rendered":"<p>Rok szkolny zacznie si\u0119 dopiero w poniedzia\u0142ek 4 wrze\u015bnia, natomiast w pi\u0105tek nauczyciele szykuj\u0105 co\u015b ekstra. Ka\u017cdy mo\u017ce wzi\u0105\u0107 w tym udzia\u0142, gdy\u017c 1 wrze\u015bnia nie ma lekcji. Dzieci zatem nie strac\u0105, gdy nie b\u0119dzie nas w szkole.<\/p>\n","protected":false},"author":1,"featured_media":11038,"comment_status":"open","ping_status":"closed","sticky":false,"template":"","format":"standard","meta":{"footnotes":""},"categories":[1],"tags":[],"_links":{"self":[{"href":"https:\/\/blog.polityka.pl\/chetkowski\/wp-json\/wp\/v2\/posts\/13487"}],"collection":[{"href":"https:\/\/blog.polityka.pl\/chetkowski\/wp-json\/wp\/v2\/posts"}],"about":[{"href":"https:\/\/blog.polityka.pl\/chetkowski\/wp-json\/wp\/v2\/types\/post"}],"author":[{"embeddable":true,"href":"https:\/\/blog.polityka.pl\/chetkowski\/wp-json\/wp\/v2\/users\/1"}],"replies":[{"embeddable":true,"href":"https:\/\/blog.polityka.pl\/chetkowski\/wp-json\/wp\/v2\/comments?post=13487"}],"version-history":[{"count":3,"href":"https:\/\/blog.polityka.pl\/chetkowski\/wp-json\/wp\/v2\/posts\/13487\/revisions"}],"predecessor-version":[{"id":13490,"href":"https:\/\/blog.polityka.pl\/chetkowski\/wp-json\/wp\/v2\/posts\/13487\/revisions\/13490"}],"wp:featuredmedia":[{"embeddable":true,"href":"https:\/\/blog.polityka.pl\/chetkowski\/wp-json\/wp\/v2\/media\/11038"}],"wp:attachment":[{"href":"https:\/\/blog.polityka.pl\/chetkowski\/wp-json\/wp\/v2\/media?parent=13487"}],"wp:term":[{"taxonomy":"category","embeddable":true,"href":"https:\/\/blog.polityka.pl\/chetkowski\/wp-json\/wp\/v2\/categories?post=13487"},{"taxonomy":"post_tag","embeddable":true,"href":"https:\/\/blog.polityka.pl\/chetkowski\/wp-json\/wp\/v2\/tags?post=13487"}],"curies":[{"name":"wp","href":"https:\/\/api.w.org\/{rel}","templated":true}]}}