
{"id":13496,"date":"2023-08-06T14:15:42","date_gmt":"2023-08-06T12:15:42","guid":{"rendered":"http:\/\/chetkowski.blog.polityka.pl\/?p=13496"},"modified":"2023-08-07T15:15:43","modified_gmt":"2023-08-07T13:15:43","slug":"nauczyciele-ujawniaja-swoje-poglady","status":"publish","type":"post","link":"https:\/\/blog.polityka.pl\/chetkowski\/2023\/08\/06\/nauczyciele-ujawniaja-swoje-poglady\/","title":{"rendered":"Nauczyciele ujawniaj\u0105 swoje pogl\u0105dy"},"content":{"rendered":"\n<p>Nauczyciele o skrajnych pogl\u0105dach zawsze byli w szko\u0142ach, ale teraz przestali si\u0119 kry\u0107, wi\u0119c ma si\u0119 wra\u017cenie, \u017ce sporo ich przyby\u0142o. Dyrektorzy ze zdumieniem odkryli, \u017ce w gronie pedagogicznym s\u0105 np. narodowcy. I co z nimi zrobi\u0107? Czy mo\u017cna im powierzy\u0107 m\u0142odzie\u017c, aby szerzyli swoje pogl\u0105dy?<\/p>\n\n\n\n<!--more-->\n\n\n\n<p>Nauczyciele m\u00f3wi\u0105 o pogl\u0105dach politycznych ju\u017c podczas rozmowy kwalifikacyjnej. Dyrektor nie musi pyta\u0107, kandydat do pracy sam og\u0142asza, jakie ma zdanie na temat kluczowych warto\u015bci, np. Boga, honoru i ojczyzny. I co z takim cz\u0142owiekiem zrobi\u0107? Wierzy\u0107, \u017ce na lekcjach b\u0119dzie si\u0119 hamowa\u0107?<\/p>\n\n\n\n<p>Ludzie o skrajnych pogl\u0105dach zak\u0142adaj\u0105, \u017ce kole\u017canki i koledzy, kt\u00f3rzy okazali im uprzejmo\u015b\u0107, wyznaj\u0105 te same zasady. Poniewa\u017c dobrze traktuj\u0119 wszystkich, dowiedzia\u0142em si\u0119 ju\u017c kilka razy, \u017ce nasi g\u00f3r\u0105 w sonda\u017cach i niebawem zwyci\u0119\u017c\u0105. Mo\u017ce jednak nie powinienem by\u0107 uprzejmy?<\/p>\n","protected":false},"excerpt":{"rendered":"<p>Nauczyciele o skrajnych pogl\u0105dach zawsze byli w szko\u0142ach, ale teraz przestali si\u0119 kry\u0107, wi\u0119c ma si\u0119 wra\u017cenie, \u017ce sporo ich przyby\u0142o. Dyrektorzy ze zdumieniem odkryli, \u017ce w gronie pedagogicznym s\u0105 np. narodowcy. I co z nimi zrobi\u0107? Czy mo\u017cna im powierzy\u0107 m\u0142odzie\u017c, aby szerzyli swoje pogl\u0105dy?<\/p>\n","protected":false},"author":1,"featured_media":11128,"comment_status":"open","ping_status":"closed","sticky":false,"template":"","format":"standard","meta":{"footnotes":""},"categories":[1],"tags":[],"_links":{"self":[{"href":"https:\/\/blog.polityka.pl\/chetkowski\/wp-json\/wp\/v2\/posts\/13496"}],"collection":[{"href":"https:\/\/blog.polityka.pl\/chetkowski\/wp-json\/wp\/v2\/posts"}],"about":[{"href":"https:\/\/blog.polityka.pl\/chetkowski\/wp-json\/wp\/v2\/types\/post"}],"author":[{"embeddable":true,"href":"https:\/\/blog.polityka.pl\/chetkowski\/wp-json\/wp\/v2\/users\/1"}],"replies":[{"embeddable":true,"href":"https:\/\/blog.polityka.pl\/chetkowski\/wp-json\/wp\/v2\/comments?post=13496"}],"version-history":[{"count":1,"href":"https:\/\/blog.polityka.pl\/chetkowski\/wp-json\/wp\/v2\/posts\/13496\/revisions"}],"predecessor-version":[{"id":13497,"href":"https:\/\/blog.polityka.pl\/chetkowski\/wp-json\/wp\/v2\/posts\/13496\/revisions\/13497"}],"wp:featuredmedia":[{"embeddable":true,"href":"https:\/\/blog.polityka.pl\/chetkowski\/wp-json\/wp\/v2\/media\/11128"}],"wp:attachment":[{"href":"https:\/\/blog.polityka.pl\/chetkowski\/wp-json\/wp\/v2\/media?parent=13496"}],"wp:term":[{"taxonomy":"category","embeddable":true,"href":"https:\/\/blog.polityka.pl\/chetkowski\/wp-json\/wp\/v2\/categories?post=13496"},{"taxonomy":"post_tag","embeddable":true,"href":"https:\/\/blog.polityka.pl\/chetkowski\/wp-json\/wp\/v2\/tags?post=13496"}],"curies":[{"name":"wp","href":"https:\/\/api.w.org\/{rel}","templated":true}]}}