
{"id":13499,"date":"2023-08-07T11:33:54","date_gmt":"2023-08-07T09:33:54","guid":{"rendered":"http:\/\/chetkowski.blog.polityka.pl\/?p=13499"},"modified":"2023-08-07T12:01:21","modified_gmt":"2023-08-07T10:01:21","slug":"ile-nagrod-otrzymaja-nauczyciele-14-pazdziernika-jedna-czy-wiecej","status":"publish","type":"post","link":"https:\/\/blog.polityka.pl\/chetkowski\/2023\/08\/07\/ile-nagrod-otrzymaja-nauczyciele-14-pazdziernika-jedna-czy-wiecej\/","title":{"rendered":"Ile nagr\u00f3d otrzymaj\u0105 nauczyciele 14 pa\u017adziernika? Jedn\u0105 czy wi\u0119cej?"},"content":{"rendered":"\n<p>Zwykle nauczyciel otrzymuje maksymalnie jedn\u0105 nagrod\u0119 pieni\u0119\u017cn\u0105. Je\u015bli dosta\u0142 j\u0105 od prezydenta czy burmistrza, to ju\u017c nie od dyrektora. W tym roku PiS przyzna\u0142 nagrod\u0119 specjaln\u0105 wszystkim nauczycielom. Czy to oznacza, \u017ce innych nagr\u00f3d ju\u017c nie b\u0119dzie?<\/p>\n\n\n\n<!--more-->\n\n\n\n<p>Wstrzymanie nagr\u00f3d dyrektorskich da\u0142oby wielk\u0105 oszcz\u0119dno\u015b\u0107 w bud\u017cetach samorz\u0105dowych. Jest wi\u0119c pokusa, aby tak zrobi\u0107. Skoro PiS nagradza wszystkich nauczycieli (szczeg\u00f3\u0142y <a href=\"https:\/\/glos.pl\/nagroda-specjalna-trafi-do-nauczycieli-prezydent-podpisal-zmiany-w-ustawach-dotyczacych-finansow-panstwa\" target=\"_blank\" rel=\"noreferrer noopener\" aria-label=\"tutaj (opens in a new tab)\">tutaj<\/a>), samorz\u0105dy mog\u0105 da\u0107 sobie spok\u00f3j z nagrodami. By\u0142oby to nawet sensowne, aby nagroda by\u0142a jedna, a nie kilka.<\/p>\n\n\n\n<p>Trudno powiedzie\u0107, co postanowi\u0105 w\u0142adze samorz\u0105dowe, kt\u00f3re nie maj\u0105 pieni\u0119dzy dla nauczycieli. Oszcz\u0119dzanie na o\u015bwiacie jest prowadzone na wszelkie mo\u017cliwe sposoby. Wstrzymanie nagr\u00f3d dla nauczycieli nikogo specjalnie by nie oburzy\u0142o, z wyj\u0105tkiem oczywi\u015bcie samych nauczycieli.<\/p>\n\n\n\n<p>Zreszt\u0105 tak ju\u017c by\u0142o. Pami\u0119tam, jak dosta\u0142em kiedy\u015b nagrod\u0119 dyrektora wraz z informacji, \u017ce mo\u017ce to by\u0107 tylko dyplom. W\u0142adze \u0141odzi \u2013 ponad 20 lat temu \u2013 zapowiedzia\u0142y bowiem, \u017ce nie dadz\u0105 na ten cel pieni\u0119dzy, bo nie maj\u0105. W tym roku mia\u0142yby nawet sensowny pow\u00f3d. Przecie\u017c jedn\u0105 nagrod\u0119 dostali\u015bcie, jeszcze wam ma\u0142o?<\/p>\n","protected":false},"excerpt":{"rendered":"<p>Zwykle nauczyciel otrzymuje maksymalnie jedn\u0105 nagrod\u0119 pieni\u0119\u017cn\u0105. Je\u015bli dosta\u0142 j\u0105 od prezydenta czy burmistrza, to ju\u017c nie od dyrektora. W tym roku PiS przyzna\u0142 nagrod\u0119 specjaln\u0105 wszystkim nauczycielom. Czy to oznacza, \u017ce innych nagr\u00f3d ju\u017c nie b\u0119dzie?<\/p>\n","protected":false},"author":1,"featured_media":11286,"comment_status":"open","ping_status":"closed","sticky":false,"template":"","format":"standard","meta":{"footnotes":""},"categories":[1],"tags":[],"_links":{"self":[{"href":"https:\/\/blog.polityka.pl\/chetkowski\/wp-json\/wp\/v2\/posts\/13499"}],"collection":[{"href":"https:\/\/blog.polityka.pl\/chetkowski\/wp-json\/wp\/v2\/posts"}],"about":[{"href":"https:\/\/blog.polityka.pl\/chetkowski\/wp-json\/wp\/v2\/types\/post"}],"author":[{"embeddable":true,"href":"https:\/\/blog.polityka.pl\/chetkowski\/wp-json\/wp\/v2\/users\/1"}],"replies":[{"embeddable":true,"href":"https:\/\/blog.polityka.pl\/chetkowski\/wp-json\/wp\/v2\/comments?post=13499"}],"version-history":[{"count":2,"href":"https:\/\/blog.polityka.pl\/chetkowski\/wp-json\/wp\/v2\/posts\/13499\/revisions"}],"predecessor-version":[{"id":13501,"href":"https:\/\/blog.polityka.pl\/chetkowski\/wp-json\/wp\/v2\/posts\/13499\/revisions\/13501"}],"wp:featuredmedia":[{"embeddable":true,"href":"https:\/\/blog.polityka.pl\/chetkowski\/wp-json\/wp\/v2\/media\/11286"}],"wp:attachment":[{"href":"https:\/\/blog.polityka.pl\/chetkowski\/wp-json\/wp\/v2\/media?parent=13499"}],"wp:term":[{"taxonomy":"category","embeddable":true,"href":"https:\/\/blog.polityka.pl\/chetkowski\/wp-json\/wp\/v2\/categories?post=13499"},{"taxonomy":"post_tag","embeddable":true,"href":"https:\/\/blog.polityka.pl\/chetkowski\/wp-json\/wp\/v2\/tags?post=13499"}],"curies":[{"name":"wp","href":"https:\/\/api.w.org\/{rel}","templated":true}]}}