
{"id":13503,"date":"2023-08-08T08:36:50","date_gmt":"2023-08-08T06:36:50","guid":{"rendered":"http:\/\/chetkowski.blog.polityka.pl\/?p=13503"},"modified":"2023-08-08T12:24:30","modified_gmt":"2023-08-08T10:24:30","slug":"nauczyciele-pojda-na-wybory-w-dobrych-nastrojach","status":"publish","type":"post","link":"https:\/\/blog.polityka.pl\/chetkowski\/2023\/08\/08\/nauczyciele-pojda-na-wybory-w-dobrych-nastrojach\/","title":{"rendered":"Nauczyciele p\u00f3jd\u0105 na wybory w dobrych nastrojach"},"content":{"rendered":"\n<p>Zapowiada si\u0119, \u017ce wybory do Sejmu i Senatu odb\u0119d\u0105 si\u0119 tu\u017c po Dniu Nauczyciela. By\u0107 mo\u017ce nawet dzie\u0144 po, czyli w niedziel\u0119 15 pa\u017adziernika. Je\u015bli tak, nauczyciele p\u00f3jd\u0105 g\u0142osowa\u0107 w dobrych nastrojach, a niekt\u00f3rzy nawet w bardzo dobrych.<\/p>\n\n\n\n<!--more-->\n\n\n\n<p>A wszystko dzi\u0119ki gwarantowanej nagrodzie z okazji 250. rocznicy utworzenia Komisji Edukacji Narodowej. Ka\u017cdy nauczyciel otrzyma 14 pa\u017adziernika nagrod\u0119 specjaln\u0105, a niekt\u00f3rzy nawet dwie, gdy\u017c jeszcze dyrektorsk\u0105. Mam nadziej\u0119, \u017ce nagroda specjalna nie zach\u0119ci w\u0142adz samorz\u0105dowych do zlikwidowania w tym roku nagrody dyrektora (pisa\u0142em o tym wczoraj \u2013 zob. <a href=\"https:\/\/chetkowski.blog.polityka.pl\/2023\/08\/07\/ile-nagrod-otrzymaja-nauczyciele-14-pazdziernika-jedna-czy-wiecej\/\" target=\"_blank\" rel=\"noreferrer noopener\" aria-label=\"tutaj (opens in a new tab)\">tutaj<\/a>).<\/p>\n\n\n\n<p>Kole\u017canki i koledzy zwr\u00f3cili mi uwag\u0119, \u017ce niekt\u00f3rzy nauczyciele otrzymaj\u0105 nawet trzy nagrody. Jak kto\u015b jest dobry i si\u0119 stara, to cz\u0119sto we wszystkich szko\u0142ach, gdzie pracuje. Zdarza si\u0119 wi\u0119c, \u017ce nauczyciel otrzymuje w tym samym roku nagrod\u0119 w ka\u017cdym miejscu pracy, czyli w pierwszej i drugiej szkole.<\/p>\n\n\n\n<p>Jak si\u0119 doda do tego nagrod\u0119 specjaln\u0105, wychodz\u0105 trzy bonusy. Po czym\u015b takim naprawd\u0119 mo\u017cna p\u00f3j\u015b\u0107 na wybory w bardzo dobrym nastroju. Na miejscu rz\u0105du nie przek\u0142ada\u0142bym wybor\u00f3w na p\u00f3\u017aniejszy termin (mo\u017cliwe s\u0105 jeszcze trzy: 22, 29 pa\u017adziernika oraz 5 listopada), gdy\u017c nagrody nauczycielskie nie s\u0105 du\u017ce. W listopadzie nie b\u0119dzie ju\u017c po nich \u015bladu.<\/p>\n\n\n\n<p>Pozostaje jeszcze do rozwa\u017cenia pytanie, na kogo zag\u0142osuje nauczyciel zadowolony z nagr\u00f3d, a na kogo niezadowolony?<\/p>\n","protected":false},"excerpt":{"rendered":"<p>Zapowiada si\u0119, \u017ce wybory do Sejmu i Senatu odb\u0119d\u0105 si\u0119 tu\u017c po Dniu Nauczyciela. By\u0107 mo\u017ce nawet dzie\u0144 po, czyli w niedziel\u0119 15 pa\u017adziernika. Je\u015bli tak, nauczyciele p\u00f3jd\u0105 g\u0142osowa\u0107 w dobrych nastrojach, a niekt\u00f3rzy nawet w bardzo dobrych.<\/p>\n","protected":false},"author":1,"featured_media":11849,"comment_status":"open","ping_status":"closed","sticky":false,"template":"","format":"standard","meta":{"footnotes":""},"categories":[1],"tags":[],"_links":{"self":[{"href":"https:\/\/blog.polityka.pl\/chetkowski\/wp-json\/wp\/v2\/posts\/13503"}],"collection":[{"href":"https:\/\/blog.polityka.pl\/chetkowski\/wp-json\/wp\/v2\/posts"}],"about":[{"href":"https:\/\/blog.polityka.pl\/chetkowski\/wp-json\/wp\/v2\/types\/post"}],"author":[{"embeddable":true,"href":"https:\/\/blog.polityka.pl\/chetkowski\/wp-json\/wp\/v2\/users\/1"}],"replies":[{"embeddable":true,"href":"https:\/\/blog.polityka.pl\/chetkowski\/wp-json\/wp\/v2\/comments?post=13503"}],"version-history":[{"count":4,"href":"https:\/\/blog.polityka.pl\/chetkowski\/wp-json\/wp\/v2\/posts\/13503\/revisions"}],"predecessor-version":[{"id":13507,"href":"https:\/\/blog.polityka.pl\/chetkowski\/wp-json\/wp\/v2\/posts\/13503\/revisions\/13507"}],"wp:featuredmedia":[{"embeddable":true,"href":"https:\/\/blog.polityka.pl\/chetkowski\/wp-json\/wp\/v2\/media\/11849"}],"wp:attachment":[{"href":"https:\/\/blog.polityka.pl\/chetkowski\/wp-json\/wp\/v2\/media?parent=13503"}],"wp:term":[{"taxonomy":"category","embeddable":true,"href":"https:\/\/blog.polityka.pl\/chetkowski\/wp-json\/wp\/v2\/categories?post=13503"},{"taxonomy":"post_tag","embeddable":true,"href":"https:\/\/blog.polityka.pl\/chetkowski\/wp-json\/wp\/v2\/tags?post=13503"}],"curies":[{"name":"wp","href":"https:\/\/api.w.org\/{rel}","templated":true}]}}