
{"id":13531,"date":"2023-08-19T07:09:00","date_gmt":"2023-08-19T05:09:00","guid":{"rendered":"http:\/\/chetkowski.blog.polityka.pl\/?p=13531"},"modified":"2023-08-19T15:35:50","modified_gmt":"2023-08-19T13:35:50","slug":"uczniowie-nie-chca-nowych-podrecznikow-wola-stare","status":"publish","type":"post","link":"https:\/\/blog.polityka.pl\/chetkowski\/2023\/08\/19\/uczniowie-nie-chca-nowych-podrecznikow-wola-stare\/","title":{"rendered":"Uczniowie nie chc\u0105 nowych podr\u0119cznik\u00f3w, wol\u0105 stare"},"content":{"rendered":"\n<p>Wydawnictwa prze\u015bcigaj\u0105 si\u0119 w wydawaniu nowych podr\u0119cznik\u00f3w. Tymczasem w\u015br\u00f3d uczni\u00f3w mamy mod\u0119 na rzeczy u\u017cywane, stare, nosz\u0105ce \u015blady zu\u017cycia. Dotyczy to tak\u017ce podr\u0119cznik\u00f3w. Jak nie mo\u017cna kupi\u0107 u\u017cywanych, uczniowie nie chc\u0105 \u017cadnych.<\/p>\n\n\n\n<!--more-->\n\n\n\n<p>Coraz cz\u0119\u015bciej klasy pytaj\u0105, czy koniecznie trzeba mie\u0107 podr\u0119cznik. Czy mo\u017cemy sobie poradzi\u0107 bez niego? Nie by\u0142oby problemu, gdyby mo\u017cna by\u0142o kupi\u0107 u\u017cywany. Ale skoro znowu wprowadzono zmiany w podstawie programowej i obowi\u0105zuje tylko nowa wersja podr\u0119cznika, nastolatki nie chc\u0105 takich podr\u0119cznik\u00f3w. Chodzi im o ekologi\u0119, no i o mod\u0119.<\/p>\n\n\n\n<p>M\u00f3wi\u0105, \u017ce zmieni\u0142o si\u0119 tylko jedno zdanie w ca\u0142ej ksi\u0105\u017cce, a wydawnictwo ju\u017c drukuje ca\u0142y podr\u0119cznik i go specjalnie oznacza jako jedyny wa\u017cny. Stare podr\u0119czniki staj\u0105 si\u0119 niesprzedawalne. Firmy zwalaj\u0105 win\u0119 na MEiN, ale najcz\u0119\u015bciej to tylko pretekst. Temu biznesowi uczniowie si\u0119 sprzeciwiaj\u0105. Niekt\u00f3rzy nawet ostentacyjnie przynosz\u0105 bardzo stare wersje podr\u0119cznik\u00f3w. Kupili taki za z\u0142ot\u00f3wk\u0119 i nie zamierzaj\u0105 wydawa\u0107 40-50 z\u0142 na nowy. Niech si\u0119 biznes podr\u0119cznikowy w d\u2026p\u0119 poca\u0142uje.<\/p>\n\n\n\n<p>Je\u015bli wydawcy podr\u0119cznik\u00f3w zlekcewa\u017c\u0105 ekologiczne trendy, mog\u0105 si\u0119 bardzo na tej postawie przejecha\u0107. M\u0142odzie\u017c potrafi postawi\u0107 na swoim. Jak si\u0119 uprze, b\u0119dziemy mieli edukacj\u0119 bez podr\u0119cznik\u00f3w. Wszystkie potrzebne tre\u015bci s\u0105 przecie\u017c w internecie.<\/p>\n","protected":false},"excerpt":{"rendered":"<p>Wydawnictwa prze\u015bcigaj\u0105 si\u0119 w wydawaniu nowych podr\u0119cznik\u00f3w. Tymczasem w\u015br\u00f3d uczni\u00f3w mamy mod\u0119 na rzeczy u\u017cywane, stare, nosz\u0105ce \u015blady zu\u017cycia. Dotyczy to tak\u017ce podr\u0119cznik\u00f3w. Jak nie mo\u017cna kupi\u0107 u\u017cywanych, uczniowie nie chc\u0105 \u017cadnych.<\/p>\n","protected":false},"author":1,"featured_media":12775,"comment_status":"open","ping_status":"closed","sticky":false,"template":"","format":"standard","meta":{"footnotes":""},"categories":[1],"tags":[],"_links":{"self":[{"href":"https:\/\/blog.polityka.pl\/chetkowski\/wp-json\/wp\/v2\/posts\/13531"}],"collection":[{"href":"https:\/\/blog.polityka.pl\/chetkowski\/wp-json\/wp\/v2\/posts"}],"about":[{"href":"https:\/\/blog.polityka.pl\/chetkowski\/wp-json\/wp\/v2\/types\/post"}],"author":[{"embeddable":true,"href":"https:\/\/blog.polityka.pl\/chetkowski\/wp-json\/wp\/v2\/users\/1"}],"replies":[{"embeddable":true,"href":"https:\/\/blog.polityka.pl\/chetkowski\/wp-json\/wp\/v2\/comments?post=13531"}],"version-history":[{"count":2,"href":"https:\/\/blog.polityka.pl\/chetkowski\/wp-json\/wp\/v2\/posts\/13531\/revisions"}],"predecessor-version":[{"id":13533,"href":"https:\/\/blog.polityka.pl\/chetkowski\/wp-json\/wp\/v2\/posts\/13531\/revisions\/13533"}],"wp:featuredmedia":[{"embeddable":true,"href":"https:\/\/blog.polityka.pl\/chetkowski\/wp-json\/wp\/v2\/media\/12775"}],"wp:attachment":[{"href":"https:\/\/blog.polityka.pl\/chetkowski\/wp-json\/wp\/v2\/media?parent=13531"}],"wp:term":[{"taxonomy":"category","embeddable":true,"href":"https:\/\/blog.polityka.pl\/chetkowski\/wp-json\/wp\/v2\/categories?post=13531"},{"taxonomy":"post_tag","embeddable":true,"href":"https:\/\/blog.polityka.pl\/chetkowski\/wp-json\/wp\/v2\/tags?post=13531"}],"curies":[{"name":"wp","href":"https:\/\/api.w.org\/{rel}","templated":true}]}}