
{"id":13542,"date":"2023-08-24T19:08:14","date_gmt":"2023-08-24T17:08:14","guid":{"rendered":"http:\/\/chetkowski.blog.polityka.pl\/?p=13542"},"modified":"2023-08-24T19:08:14","modified_gmt":"2023-08-24T17:08:14","slug":"nauczycieli-juz-boli-gardlo","status":"publish","type":"post","link":"https:\/\/blog.polityka.pl\/chetkowski\/2023\/08\/24\/nauczycieli-juz-boli-gardlo\/","title":{"rendered":"Nauczycieli ju\u017c boli gard\u0142o"},"content":{"rendered":"\n<p>Nie dawa\u0142em wiary kole\u017cankom i kolegom, gdy m\u00f3wili, \u017ce ju\u017c zacz\u0119\u0142o ich bole\u0107 gard\u0142o. Ledwo jednak zadzwoniono do mnie ze szko\u0142y w sprawie planu lekcji, a natychmiast dosta\u0142em kataru.<\/p>\n\n\n\n<!--more-->\n\n\n\n<p>Wcale nie chc\u0119 chorowa\u0107, dlatego za\u017cy\u0142em zi\u00f3\u0142ek na przezi\u0119bienie, zjad\u0142em troch\u0119 czosnku i wzi\u0105\u0142em gor\u0105c\u0105 k\u0105piel. Nie wiem, czy pomo\u017ce, ale warto spr\u00f3bowa\u0107. Nie chcia\u0142bym zaczyna\u0107 roku szkolnego od zwolnienia.<\/p>\n\n\n\n<p>Niekt\u00f3rzy nauczyciele chorowali w wakacje, wi\u0119c przys\u0142uguje im teraz urlop. L\u0119kaj\u0105 si\u0119 jednak, co powie dyrektor, gdy po wakacjach poprosz\u0105 o odebranie dni, kt\u00f3re sp\u0119dzili na chorobie. Najbardziej jednak zdziwi\u0105 si\u0119 rodzice, gdy dowiedz\u0105 si\u0119, \u017ce lekcje zosta\u0142y odwo\u0142ane, poniewa\u017c nauczyciele zachorowali albo odbieraj\u0105 urlop za chorob\u0119 podczas wakacji.&nbsp;<\/p>\n\n\n\n<p>Na razie czosnek troch\u0119 pom\u00f3g\u0142. Obawiam si\u0119 jednak, \u017ce po pierwszym posiedzeniu rady pedagogicznej m\u00f3j organizm kompletnie zwariuje i trzeba b\u0119dzie szuka\u0107 pomocy lekarza.<\/p>\n","protected":false},"excerpt":{"rendered":"<p>Nie dawa\u0142em wiary kole\u017cankom i kolegom, gdy m\u00f3wili, \u017ce ju\u017c zacz\u0119\u0142o ich bole\u0107 gard\u0142o. Ledwo jednak zadzwoniono do mnie ze szko\u0142y w sprawie planu lekcji, a natychmiast dosta\u0142em kataru.<\/p>\n","protected":false},"author":1,"featured_media":0,"comment_status":"open","ping_status":"closed","sticky":false,"template":"","format":"standard","meta":{"footnotes":""},"categories":[1],"tags":[],"_links":{"self":[{"href":"https:\/\/blog.polityka.pl\/chetkowski\/wp-json\/wp\/v2\/posts\/13542"}],"collection":[{"href":"https:\/\/blog.polityka.pl\/chetkowski\/wp-json\/wp\/v2\/posts"}],"about":[{"href":"https:\/\/blog.polityka.pl\/chetkowski\/wp-json\/wp\/v2\/types\/post"}],"author":[{"embeddable":true,"href":"https:\/\/blog.polityka.pl\/chetkowski\/wp-json\/wp\/v2\/users\/1"}],"replies":[{"embeddable":true,"href":"https:\/\/blog.polityka.pl\/chetkowski\/wp-json\/wp\/v2\/comments?post=13542"}],"version-history":[{"count":2,"href":"https:\/\/blog.polityka.pl\/chetkowski\/wp-json\/wp\/v2\/posts\/13542\/revisions"}],"predecessor-version":[{"id":13544,"href":"https:\/\/blog.polityka.pl\/chetkowski\/wp-json\/wp\/v2\/posts\/13542\/revisions\/13544"}],"wp:attachment":[{"href":"https:\/\/blog.polityka.pl\/chetkowski\/wp-json\/wp\/v2\/media?parent=13542"}],"wp:term":[{"taxonomy":"category","embeddable":true,"href":"https:\/\/blog.polityka.pl\/chetkowski\/wp-json\/wp\/v2\/categories?post=13542"},{"taxonomy":"post_tag","embeddable":true,"href":"https:\/\/blog.polityka.pl\/chetkowski\/wp-json\/wp\/v2\/tags?post=13542"}],"curies":[{"name":"wp","href":"https:\/\/api.w.org\/{rel}","templated":true}]}}