
{"id":13556,"date":"2023-08-29T18:27:01","date_gmt":"2023-08-29T16:27:01","guid":{"rendered":"http:\/\/chetkowski.blog.polityka.pl\/?p=13556"},"modified":"2023-08-30T11:03:34","modified_gmt":"2023-08-30T09:03:34","slug":"na-pikiete-tylko-za-zgoda-dyrektora","status":"publish","type":"post","link":"https:\/\/blog.polityka.pl\/chetkowski\/2023\/08\/29\/na-pikiete-tylko-za-zgoda-dyrektora\/","title":{"rendered":"Na pikiet\u0119 tylko za zgod\u0105 dyrektora"},"content":{"rendered":"\n<p>Dyrektorzy przypominaj\u0105 nauczycielom, \u017ce 1 wrze\u015bnia jest dniem wolnym tylko od zaj\u0119\u0107 dydaktycznych, natomiast do pracy przyj\u015b\u0107 trzeba. Kto chce wzi\u0105\u0107 udzia\u0142 w pikiecie ZNP przed budynkiem MEiN, musi uzyska\u0107 zgod\u0119 pracodawcy.<\/p>\n\n\n\n<!--more-->\n\n\n\n<p>Dyrektorzy mog\u0105 nie by\u0107 ch\u0119tni na wyra\u017canie takiej zgody, gdy\u017c w szkole jest huk roboty. W\u0142a\u015bciwie ca\u0142y ostatni tydzie\u0144 sierpnia to ju\u017c nie s\u0105 wakacje. Dzisiaj chocia\u017cby wyszed\u0142em ze szko\u0142y na nogach jak z waty, tak mnie zm\u0119czy\u0142 udzia\u0142 w wielogodzinnym posiedzeniu rady pedagogicznej.&nbsp;<\/p>\n\n\n\n<p>\u0141atwo nie b\u0119dzie dosta\u0107 zgody tak\u017ce z innych powod\u00f3w. Chyba pisowsk\u0105 poczt\u0105 pantoflow\u0105 poinformowano dyrektor\u00f3w, aby utrudniali nauczycielom wzi\u0119cie udzia\u0142u w pikiecie przeciwko Czarnkowi. W ka\u017cdym razie zdziwi\u0142o mnie niezmiernie, \u017ce 1 wrze\u015bnia jest tyle roboty w szkole. I to od rana do wieczora.<\/p>\n\n\n\n<p>Jak kto\u015b nie chce stawi\u0107 si\u0119 tego dnia w pracy, mo\u017ce wzi\u0105\u0107 urlop bezp\u0142atny lub p\u0142atny 50 proc. z powodu zdarze\u0144 losowych. By\u0142aby to jednak strata finansowa, wi\u0119c nauczyciele nie pal\u0105 si\u0119 do brania urlop\u00f3w. Organizatorom pikiety wydawa\u0142o si\u0119 pewnie, \u017ce jak rok szkolny zaczyna si\u0119 w poniedzia\u0142ek 4 wrze\u015bnia, to w pi\u0105tek ka\u017cdy nauczyciel mo\u017ce pikietowa\u0107. A tu niespodzianka!<\/p>\n","protected":false},"excerpt":{"rendered":"<p>Dyrektorzy przypominaj\u0105 nauczycielom, \u017ce 1 wrze\u015bnia jest dniem wolnym tylko od zaj\u0119\u0107 dydaktycznych, natomiast do pracy przyj\u015b\u0107 trzeba. Kto chce wzi\u0105\u0107 udzia\u0142 w pikiecie ZNP przed budynkiem MEiN, musi uzyska\u0107 zgod\u0119 pracodawcy.<\/p>\n","protected":false},"author":1,"featured_media":13560,"comment_status":"open","ping_status":"closed","sticky":false,"template":"","format":"standard","meta":{"footnotes":""},"categories":[1],"tags":[],"_links":{"self":[{"href":"https:\/\/blog.polityka.pl\/chetkowski\/wp-json\/wp\/v2\/posts\/13556"}],"collection":[{"href":"https:\/\/blog.polityka.pl\/chetkowski\/wp-json\/wp\/v2\/posts"}],"about":[{"href":"https:\/\/blog.polityka.pl\/chetkowski\/wp-json\/wp\/v2\/types\/post"}],"author":[{"embeddable":true,"href":"https:\/\/blog.polityka.pl\/chetkowski\/wp-json\/wp\/v2\/users\/1"}],"replies":[{"embeddable":true,"href":"https:\/\/blog.polityka.pl\/chetkowski\/wp-json\/wp\/v2\/comments?post=13556"}],"version-history":[{"count":3,"href":"https:\/\/blog.polityka.pl\/chetkowski\/wp-json\/wp\/v2\/posts\/13556\/revisions"}],"predecessor-version":[{"id":13559,"href":"https:\/\/blog.polityka.pl\/chetkowski\/wp-json\/wp\/v2\/posts\/13556\/revisions\/13559"}],"wp:featuredmedia":[{"embeddable":true,"href":"https:\/\/blog.polityka.pl\/chetkowski\/wp-json\/wp\/v2\/media\/13560"}],"wp:attachment":[{"href":"https:\/\/blog.polityka.pl\/chetkowski\/wp-json\/wp\/v2\/media?parent=13556"}],"wp:term":[{"taxonomy":"category","embeddable":true,"href":"https:\/\/blog.polityka.pl\/chetkowski\/wp-json\/wp\/v2\/categories?post=13556"},{"taxonomy":"post_tag","embeddable":true,"href":"https:\/\/blog.polityka.pl\/chetkowski\/wp-json\/wp\/v2\/tags?post=13556"}],"curies":[{"name":"wp","href":"https:\/\/api.w.org\/{rel}","templated":true}]}}