
{"id":13564,"date":"2023-09-05T15:10:36","date_gmt":"2023-09-05T13:10:36","guid":{"rendered":"http:\/\/chetkowski.blog.polityka.pl\/?p=13564"},"modified":"2023-09-05T18:14:24","modified_gmt":"2023-09-05T16:14:24","slug":"premier-wybral-szkole-prywatna","status":"publish","type":"post","link":"https:\/\/blog.polityka.pl\/chetkowski\/2023\/09\/05\/premier-wybral-szkole-prywatna\/","title":{"rendered":"Premier wybra\u0142 szko\u0142\u0119 prywatn\u0105"},"content":{"rendered":"\n<p>Mateusz Morawiecki pochwali\u0142 o\u015bwiat\u0119 publiczn\u0105, kt\u00f3ra za rz\u0105d\u00f3w PiS i w obj\u0119ciach Przemys\u0142aw Czarnka doskonale si\u0119 rozwija. Jednak dla swojego dziecka takiej szko\u0142y \u2013 rzekomo dobrej \u2013 nie wybra\u0142. C\u00f3rk\u0119 pos\u0142a\u0142 do prywatnej.<\/p>\n\n\n\n<!--more-->\n\n\n\n<p>A zatem pochwa\u0142a o\u015bwiaty publicznej to zwyk\u0142a \u015bciema. Je\u015bli co\u015b jest naprawd\u0119 dobre, dobre jest tak\u017ce dla mojego dziecka. Okaza\u0142o si\u0119 jednak, \u017ce w Warszawie nie znalaz\u0142a si\u0119 ani jedna publiczna podstaw\u00f3wka, kt\u00f3ra by nadawa\u0142a si\u0119 dla c\u00f3rki premiera (szczeg\u00f3\u0142y decyzji premiera <a href=\"https:\/\/glos.pl\/premier-pochwalil-sie-ze-jego-corka-rozpoczela-nauke-w-prywatnej-szkole-internauci-bezlitosni-to-najlepsza-recenzja-czarnka\" target=\"_blank\" rel=\"noreferrer noopener\" aria-label=\"tutaj (opens in a new tab)\">tutaj<\/a>).<\/p>\n\n\n\n<p>W \u0141odzi najlepsze wg rankingu podstaw\u00f3wki r\u00f3wnie\u017c nie s\u0105 publiczne (szczeg\u00f3\u0142y rankingu <a href=\"https:\/\/waszaedukacja.pl\/ranking\/lodz\/szkoly-podstawowe\" target=\"_blank\" rel=\"noreferrer noopener\" aria-label=\"tutaj (opens in a new tab)\">tutaj<\/a>). Podium zajmuj\u0105 szko\u0142y prywatne, spo\u0142eczne. Do pierwszej dziesi\u0105tki za\u0142apa\u0142a si\u0119 szko\u0142a muzyczna, plac\u00f3wka publiczna, ale to wyj\u0105tek. Gdyby Polak\u00f3w by\u0142o na to sta\u0107, jak premiera, te\u017c wybraliby najlepsz\u0105 szko\u0142\u0119 dla swoich dzieci, czyli niepubliczn\u0105.<\/p>\n\n\n\n<p>Szerzej o tym, co si\u0119 dzieje w publicznej o\u015bwiacie, napisz\u0119 w kolejnych dniach. Teraz pr\u00f3buj\u0119 doj\u015b\u0107 do siebie po szoku pierwszego dnia. W\u0142a\u015bnie sko\u0144czy\u0142em lekcje.<\/p>\n","protected":false},"excerpt":{"rendered":"<p>Mateusz Morawiecki pochwali\u0142 o\u015bwiat\u0119 publiczn\u0105, kt\u00f3ra za rz\u0105d\u00f3w PiS i w obj\u0119ciach Przemys\u0142aw Czarnka doskonale si\u0119 rozwija. Jednak dla swojego dziecka takiej szko\u0142y \u2013 rzekomo dobrej \u2013 nie wybra\u0142. C\u00f3rk\u0119 pos\u0142a\u0142 do prywatnej.<\/p>\n","protected":false},"author":1,"featured_media":13566,"comment_status":"open","ping_status":"closed","sticky":false,"template":"","format":"standard","meta":{"footnotes":""},"categories":[1],"tags":[],"_links":{"self":[{"href":"https:\/\/blog.polityka.pl\/chetkowski\/wp-json\/wp\/v2\/posts\/13564"}],"collection":[{"href":"https:\/\/blog.polityka.pl\/chetkowski\/wp-json\/wp\/v2\/posts"}],"about":[{"href":"https:\/\/blog.polityka.pl\/chetkowski\/wp-json\/wp\/v2\/types\/post"}],"author":[{"embeddable":true,"href":"https:\/\/blog.polityka.pl\/chetkowski\/wp-json\/wp\/v2\/users\/1"}],"replies":[{"embeddable":true,"href":"https:\/\/blog.polityka.pl\/chetkowski\/wp-json\/wp\/v2\/comments?post=13564"}],"version-history":[{"count":1,"href":"https:\/\/blog.polityka.pl\/chetkowski\/wp-json\/wp\/v2\/posts\/13564\/revisions"}],"predecessor-version":[{"id":13565,"href":"https:\/\/blog.polityka.pl\/chetkowski\/wp-json\/wp\/v2\/posts\/13564\/revisions\/13565"}],"wp:featuredmedia":[{"embeddable":true,"href":"https:\/\/blog.polityka.pl\/chetkowski\/wp-json\/wp\/v2\/media\/13566"}],"wp:attachment":[{"href":"https:\/\/blog.polityka.pl\/chetkowski\/wp-json\/wp\/v2\/media?parent=13564"}],"wp:term":[{"taxonomy":"category","embeddable":true,"href":"https:\/\/blog.polityka.pl\/chetkowski\/wp-json\/wp\/v2\/categories?post=13564"},{"taxonomy":"post_tag","embeddable":true,"href":"https:\/\/blog.polityka.pl\/chetkowski\/wp-json\/wp\/v2\/tags?post=13564"}],"curies":[{"name":"wp","href":"https:\/\/api.w.org\/{rel}","templated":true}]}}