
{"id":13611,"date":"2023-09-30T15:52:04","date_gmt":"2023-09-30T13:52:04","guid":{"rendered":"http:\/\/chetkowski.blog.polityka.pl\/?p=13611"},"modified":"2023-09-30T15:52:04","modified_gmt":"2023-09-30T13:52:04","slug":"koniec-wakatow-nauczyciele-wracaja-do-szkol","status":"publish","type":"post","link":"https:\/\/blog.polityka.pl\/chetkowski\/2023\/09\/30\/koniec-wakatow-nauczyciele-wracaja-do-szkol\/","title":{"rendered":"Koniec wakat\u00f3w. Nauczyciele wracaj\u0105 do szk\u00f3\u0142"},"content":{"rendered":"\n<p>Nauczyciele, kt\u00f3rzy odeszli z pracy, zapowiadaj\u0105, \u017ce natychmiast wr\u00f3c\u0105. Wystarczy, \u017ce Koalicja Obywatelska dotrzyma s\u0142owa i podniesie nauczycielskie pensje o 30 proc. Oczywi\u015bcie najpierw musi wygra\u0107 wybory.<\/p>\n\n\n\n<!--more-->\n\n\n\n<p>S\u0142ysza\u0142em dzisiaj z ust Dariusza Jo\u0144skiego, \u017ce ju\u017c w pierwszych dniach rz\u0105d\u00f3w KO nauczyciele otrzymaj\u0105 1500 z\u0142 podwy\u017cki. W odpowiedzi wiele os\u00f3b obieca\u0142o, \u017ce to wystarczy, aby wr\u00f3cili do szk\u00f3\u0142. Wakaty znikn\u0119\u0142yby od razu.<\/p>\n\n\n\n<p>A zatem chodzi o pieni\u0105dze. 1500 z\u0142 to jest kwota, przez kt\u00f3r\u0105 odeszli ze szko\u0142y. Zadzwoni\u0142em do przyjaci\u00f3\u0142, kt\u00f3rzy ju\u017c s\u0105 poza o\u015bwiat\u0105, aby sprawdzi\u0107, co my\u015bl\u0105 o takiej podwy\u017cce. \u201eWystarczy\u201d \u2013 powiedzieli. \u201eDok\u0142adnie tyle trzeba, aby\u015bmy znowu mogli wykonywa\u0107 ten zaw\u00f3d\u201d.&nbsp;<\/p>\n\n\n\n<p>Za dwa tygodnie przekonamy si\u0119, co b\u0119dzie. By\u0107 mo\u017ce czeka nas wielki powr\u00f3t i definitywny koniec wakat\u00f3w.<\/p>\n","protected":false},"excerpt":{"rendered":"<p>Nauczyciele, kt\u00f3rzy odeszli z pracy, zapowiadaj\u0105, \u017ce natychmiast wr\u00f3c\u0105. Wystarczy, \u017ce Koalicja Obywatelska dotrzyma s\u0142owa i podniesie nauczycielskie pensje o 30 proc. Oczywi\u015bcie najpierw musi wygra\u0107 wybory.<\/p>\n","protected":false},"author":1,"featured_media":0,"comment_status":"open","ping_status":"closed","sticky":false,"template":"","format":"standard","meta":{"footnotes":""},"categories":[1],"tags":[],"_links":{"self":[{"href":"https:\/\/blog.polityka.pl\/chetkowski\/wp-json\/wp\/v2\/posts\/13611"}],"collection":[{"href":"https:\/\/blog.polityka.pl\/chetkowski\/wp-json\/wp\/v2\/posts"}],"about":[{"href":"https:\/\/blog.polityka.pl\/chetkowski\/wp-json\/wp\/v2\/types\/post"}],"author":[{"embeddable":true,"href":"https:\/\/blog.polityka.pl\/chetkowski\/wp-json\/wp\/v2\/users\/1"}],"replies":[{"embeddable":true,"href":"https:\/\/blog.polityka.pl\/chetkowski\/wp-json\/wp\/v2\/comments?post=13611"}],"version-history":[{"count":1,"href":"https:\/\/blog.polityka.pl\/chetkowski\/wp-json\/wp\/v2\/posts\/13611\/revisions"}],"predecessor-version":[{"id":13612,"href":"https:\/\/blog.polityka.pl\/chetkowski\/wp-json\/wp\/v2\/posts\/13611\/revisions\/13612"}],"wp:attachment":[{"href":"https:\/\/blog.polityka.pl\/chetkowski\/wp-json\/wp\/v2\/media?parent=13611"}],"wp:term":[{"taxonomy":"category","embeddable":true,"href":"https:\/\/blog.polityka.pl\/chetkowski\/wp-json\/wp\/v2\/categories?post=13611"},{"taxonomy":"post_tag","embeddable":true,"href":"https:\/\/blog.polityka.pl\/chetkowski\/wp-json\/wp\/v2\/tags?post=13611"}],"curies":[{"name":"wp","href":"https:\/\/api.w.org\/{rel}","templated":true}]}}