
{"id":13626,"date":"2023-10-08T14:29:25","date_gmt":"2023-10-08T12:29:25","guid":{"rendered":"http:\/\/chetkowski.blog.polityka.pl\/?p=13626"},"modified":"2023-10-09T13:02:34","modified_gmt":"2023-10-09T11:02:34","slug":"kuratorium-zabrania-organizowac-w-szkolach-prawybory-w-ktorych-pis-przegrywa","status":"publish","type":"post","link":"https:\/\/blog.polityka.pl\/chetkowski\/2023\/10\/08\/kuratorium-zabrania-organizowac-w-szkolach-prawybory-w-ktorych-pis-przegrywa\/","title":{"rendered":"Kuratoria o\u015bwiaty zabraniaj\u0105 organizowa\u0107 w szko\u0142ach prawybory, w kt\u00f3rych PiS przegrywa"},"content":{"rendered":"\n<p>Nie wiadomo, czy w szko\u0142ach odb\u0119d\u0105 si\u0119 kolejne prawybory do Sejmu. Po tym, co wydarzy\u0142o si\u0119 w Gorzowie Wielkopolskim, nauczyciele obawiaj\u0105 si\u0119 je organizowa\u0107.<\/p>\n\n\n\n<!--more-->\n\n\n\n<p>W prawyborach, kt\u00f3re odby\u0142y si\u0119 w II Liceum Og\u00f3lnokszta\u0142c\u0105cym, PiS zaj\u0119\u0142o pi\u0105te miejsce i ledwo przekroczy\u0142o pr\u00f3g wyborczy. Wygra\u0142a KO z wynikiem 46,3 proc. Kuratorium O\u015bwiaty w Gorzowie Wielkopolskim uzna\u0142o ten fakt za agitacj\u0119 wyborcz\u0105 i oskar\u017cy\u0142o plac\u00f3wk\u0119 o prowadzenie nielegalnej dzia\u0142alno\u015bci. Je\u015bli dyrekcja i nauczyciele si\u0119 nie pokajaj\u0105, mog\u0105 posypa\u0107 si\u0119 kary (szczeg\u00f3\u0142y <a href=\"https:\/\/www.portalsamorzadowy.pl\/edukacja\/prawybory-w-liceum-z-20-letnia-tradycja-pis-przegrywa-kuratorium-reaguje,494518.html\" target=\"_blank\" rel=\"noreferrer noopener\" aria-label=\"tutaj (opens in a new tab)\">tutaj<\/a>).<\/p>\n\n\n\n<p>Prawybory odbywaj\u0105 si\u0119 w szko\u0142ach w ca\u0142ej Polsce. Tak\u017ce w moim liceum. Nast\u0119pne, zaplanowane w tym tygodniu, mog\u0105 jednak si\u0119 nie odby\u0107, gdy\u017c wsz\u0119dzie istnieje ryzyko, \u017ce PiS przegra. A to denerwuje pisowskich kurator\u00f3w o\u015bwiaty. Pierwszej szkole mo\u017cna darowa\u0107, gdy\u017c nauczyciele nie wiedzieli, \u017ce prawybory PiS uzna\u0142 za nielegalne. Inne szko\u0142y jednak ju\u017c wiedz\u0105, co my\u015bli w\u0142adza. Czy nauczyciele zechc\u0105 ryzykowa\u0107, przekonamy si\u0119 po niedzieli.<\/p>\n\n\n\n<p>Nauczyciele znale\u017ali si\u0119 mi\u0119dzy m\u0142otem a kowad\u0142em. Je\u015bli stch\u00f3rz\u0105 i odwo\u0142aj\u0105 prawybory, m\u0142odzie\u017c im tego nie daruje. A je\u015bli zorganizuj\u0105, szko\u0142\u0119 czeka kontrola i B\u00f3g wie jakie kary. No chyba \u017ce PiS naprawd\u0119 przegra za tydzie\u0144, wtedy by\u0142oby dobrze si\u0119 postawi\u0107.<\/p>\n","protected":false},"excerpt":{"rendered":"<p>Nie wiadomo, czy w szko\u0142ach odb\u0119d\u0105 si\u0119 kolejne prawybory do Sejmu. Po tym, co wydarzy\u0142o si\u0119 w Gorzowie Wielkopolskim, nauczyciele obawiaj\u0105 si\u0119 je organizowa\u0107.<\/p>\n","protected":false},"author":1,"featured_media":12613,"comment_status":"open","ping_status":"closed","sticky":false,"template":"","format":"standard","meta":{"footnotes":""},"categories":[1],"tags":[],"_links":{"self":[{"href":"https:\/\/blog.polityka.pl\/chetkowski\/wp-json\/wp\/v2\/posts\/13626"}],"collection":[{"href":"https:\/\/blog.polityka.pl\/chetkowski\/wp-json\/wp\/v2\/posts"}],"about":[{"href":"https:\/\/blog.polityka.pl\/chetkowski\/wp-json\/wp\/v2\/types\/post"}],"author":[{"embeddable":true,"href":"https:\/\/blog.polityka.pl\/chetkowski\/wp-json\/wp\/v2\/users\/1"}],"replies":[{"embeddable":true,"href":"https:\/\/blog.polityka.pl\/chetkowski\/wp-json\/wp\/v2\/comments?post=13626"}],"version-history":[{"count":7,"href":"https:\/\/blog.polityka.pl\/chetkowski\/wp-json\/wp\/v2\/posts\/13626\/revisions"}],"predecessor-version":[{"id":13634,"href":"https:\/\/blog.polityka.pl\/chetkowski\/wp-json\/wp\/v2\/posts\/13626\/revisions\/13634"}],"wp:featuredmedia":[{"embeddable":true,"href":"https:\/\/blog.polityka.pl\/chetkowski\/wp-json\/wp\/v2\/media\/12613"}],"wp:attachment":[{"href":"https:\/\/blog.polityka.pl\/chetkowski\/wp-json\/wp\/v2\/media?parent=13626"}],"wp:term":[{"taxonomy":"category","embeddable":true,"href":"https:\/\/blog.polityka.pl\/chetkowski\/wp-json\/wp\/v2\/categories?post=13626"},{"taxonomy":"post_tag","embeddable":true,"href":"https:\/\/blog.polityka.pl\/chetkowski\/wp-json\/wp\/v2\/tags?post=13626"}],"curies":[{"name":"wp","href":"https:\/\/api.w.org\/{rel}","templated":true}]}}