
{"id":13648,"date":"2023-10-13T22:10:55","date_gmt":"2023-10-13T20:10:55","guid":{"rendered":"http:\/\/chetkowski.blog.polityka.pl\/?p=13648"},"modified":"2023-10-13T22:12:28","modified_gmt":"2023-10-13T20:12:28","slug":"jedne-szkoly-swietuja-dzien-nauczyciela-a-inne-nie","status":"publish","type":"post","link":"https:\/\/blog.polityka.pl\/chetkowski\/2023\/10\/13\/jedne-szkoly-swietuja-dzien-nauczyciela-a-inne-nie\/","title":{"rendered":"Jedne szko\u0142y \u015bwi\u0119tuj\u0105 Dzie\u0144 Nauczyciela, a inne nie"},"content":{"rendered":"\n<p>W moim liceum tradycyjnie bardzo hucznie \u015bwi\u0119towany jest Dzie\u0144 Nauczyciela. Tak\u017ce w tym roku wszyscy pracownicy zostali zaproszeni przez dyrekcj\u0119 na \u201eskromny\u201d obiad. Nowi nauczyciele byli mile zaskoczeni, natomiast starzy wspominali czasy, kiedy imprezowali\u015bmy jeszcze huczniej.<\/p>\n\n\n\n<!--more-->\n\n\n\n<p>Odk\u0105d nauczyciele pracuj\u0105 w kilku szko\u0142ach, maj\u0105 por\u00f3wnanie. No wi\u0119c niekt\u00f3rzy sp\u00f3\u017anili si\u0119 do restauracji, poniewa\u017c w drugiej szkole musieli przeprowadzi\u0107 lekcje. Tam nie by\u0142o \u017cadnego hucznego \u015bwi\u0119towania, jedynie ciastko i kawa po godzinach. Lekcje te\u017c nie zosta\u0142y odwo\u0142ane. Niekt\u00f3rzy opowiadali, \u017ce nawet na ten jak\u017ce skromny pocz\u0119stunek musieli si\u0119 zrzuci\u0107. Rzecz niebywa\u0142a!<\/p>\n\n\n\n<p>Jak to mo\u017cliwe, \u017ce jedne szko\u0142y og\u0142aszaj\u0105 Dzie\u0144 Nauczyciela wolnym od zaj\u0119\u0107 dydaktycznych, a inne niczego takiego nie robi\u0105? Jedne imprezuj\u0105, a inne nie? Podejrzewam, \u017ce wiele zale\u017cy od postawy dyrekcji. Jest czas pracy i jest czas zabawy. Dyrekcja musi umie\u0107 wszystko: motywowa\u0107 do ci\u0119\u017ckiej pracy i organizowa\u0107 dobr\u0105 zabaw\u0119. Nie ma jednego, nie ma te\u017c drugiego. W moim liceum zawsze by\u0142o i to, i to. Na razie \u017caden dyrektor, a mia\u0142em ich wielu, nie zawi\u00f3d\u0142. Tradycja zobowi\u0105zuje!<\/p>\n\n\n\n<p>PS Rodzice \u017cyczyli nam, aby\u015bmy w poniedzia\u0142ek obudzili si\u0119 w lepszej rzeczywisto\u015bci.<\/p>\n","protected":false},"excerpt":{"rendered":"<p>W moim liceum tradycyjnie bardzo hucznie \u015bwi\u0119towany jest Dzie\u0144 Nauczyciela. Tak\u017ce w tym roku wszyscy pracownicy zostali zaproszeni przez dyrekcj\u0119 na \u201eskromny\u201d obiad. Nowi nauczyciele byli mile zaskoczeni, natomiast starzy wspominali czasy, kiedy imprezowali\u015bmy jeszcze huczniej.<\/p>\n","protected":false},"author":1,"featured_media":0,"comment_status":"open","ping_status":"closed","sticky":false,"template":"","format":"standard","meta":{"footnotes":""},"categories":[1],"tags":[],"_links":{"self":[{"href":"https:\/\/blog.polityka.pl\/chetkowski\/wp-json\/wp\/v2\/posts\/13648"}],"collection":[{"href":"https:\/\/blog.polityka.pl\/chetkowski\/wp-json\/wp\/v2\/posts"}],"about":[{"href":"https:\/\/blog.polityka.pl\/chetkowski\/wp-json\/wp\/v2\/types\/post"}],"author":[{"embeddable":true,"href":"https:\/\/blog.polityka.pl\/chetkowski\/wp-json\/wp\/v2\/users\/1"}],"replies":[{"embeddable":true,"href":"https:\/\/blog.polityka.pl\/chetkowski\/wp-json\/wp\/v2\/comments?post=13648"}],"version-history":[{"count":4,"href":"https:\/\/blog.polityka.pl\/chetkowski\/wp-json\/wp\/v2\/posts\/13648\/revisions"}],"predecessor-version":[{"id":13652,"href":"https:\/\/blog.polityka.pl\/chetkowski\/wp-json\/wp\/v2\/posts\/13648\/revisions\/13652"}],"wp:attachment":[{"href":"https:\/\/blog.polityka.pl\/chetkowski\/wp-json\/wp\/v2\/media?parent=13648"}],"wp:term":[{"taxonomy":"category","embeddable":true,"href":"https:\/\/blog.polityka.pl\/chetkowski\/wp-json\/wp\/v2\/categories?post=13648"},{"taxonomy":"post_tag","embeddable":true,"href":"https:\/\/blog.polityka.pl\/chetkowski\/wp-json\/wp\/v2\/tags?post=13648"}],"curies":[{"name":"wp","href":"https:\/\/api.w.org\/{rel}","templated":true}]}}