
{"id":13653,"date":"2023-10-17T18:07:59","date_gmt":"2023-10-17T16:07:59","guid":{"rendered":"http:\/\/chetkowski.blog.polityka.pl\/?p=13653"},"modified":"2023-10-18T01:01:27","modified_gmt":"2023-10-17T23:01:27","slug":"kto-glosowal-na-czarnka-nauczyciele","status":"publish","type":"post","link":"https:\/\/blog.polityka.pl\/chetkowski\/2023\/10\/17\/kto-glosowal-na-czarnka-nauczyciele\/","title":{"rendered":"Kto g\u0142osowa\u0142 na Czarnka? Nauczyciele?"},"content":{"rendered":"\n<p>Niespodziewane du\u017ce poparcie otrzyma\u0142 Przemys\u0142aw Czarnek. G\u0142osowa\u0142o na niego ponad 121 tysi\u0119cy os\u00f3b. Tak dobry wynik os\u0142odzi politykowi konieczno\u015b\u0107 odej\u015bcia z Ministerstwa Edukacji i Nauki. Odczarnkowienie o\u015bwiaty niebawem stanie si\u0119 faktem.<\/p>\n\n\n\n<!--more-->\n\n\n\n<p>Gdy poznali\u015bmy doskona\u0142y wynik wyborczy Czarnka, zastanawiali\u015bmy si\u0119 w pokoju nauczycielskim, kto na niego g\u0142osowa\u0142. Przecie\u017c to nie mogli by\u0107 nauczyciele &#8211; m\u00f3wili\u015bmy. Czy jaki\u015b nauczyciel mo\u017ce popiera\u0107 polityk\u0119 Czarnka? To nie mie\u015bci si\u0119 w g\u0142owie.<\/p>\n\n\n\n<p>Gdy tak gadali\u015bmy o dziwnie wysokim poparciu dla Czarnka, nagle odezwa\u0142a si\u0119 kole\u017canka, m\u00f3wi\u0105c, \u017ce ona popiera polityk\u0119 PiS i gdyby mog\u0142a, odda\u0142aby g\u0142os na Czarnka. Kole\u017canka posz\u0142a na lekcj\u0119, a nas zamurowa\u0142o. Dos\u0142ownie zamarli\u015bmy ze zdziwienia. Powiedzia\u0142a tak pewnie, aby nas sprowokowa\u0107. Dra\u017cni si\u0119 z nami, prawda?<\/p>\n\n\n\n<p>Szczeg\u00f3\u0142y poparcia dla Czarnka i innych pracownik\u00f3w MEiN <a href=\"https:\/\/glos.pl\/jak-wypadlo-w-wyborach-kierownictwo-mein-czarnek-z-rekordowym-wynikiem-rzymkowski-poza-sejmem\" target=\"_blank\" rel=\"noreferrer noopener\" aria-label=\"tutaj (opens in a new tab)\">tutaj<\/a>.<\/p>\n","protected":false},"excerpt":{"rendered":"<p>Niespodziewane du\u017ce poparcie otrzyma\u0142 Przemys\u0142aw Czarnek. G\u0142osowa\u0142o na niego ponad 121 tysi\u0119cy os\u00f3b. Tak dobry wynik os\u0142odzi politykowi konieczno\u015b\u0107 odej\u015bcia z Ministerstwa Edukacji i Nauki. Odczarnkowienie o\u015bwiaty niebawem stanie si\u0119 faktem.<\/p>\n","protected":false},"author":1,"featured_media":12823,"comment_status":"open","ping_status":"closed","sticky":false,"template":"","format":"standard","meta":{"footnotes":""},"categories":[1],"tags":[],"_links":{"self":[{"href":"https:\/\/blog.polityka.pl\/chetkowski\/wp-json\/wp\/v2\/posts\/13653"}],"collection":[{"href":"https:\/\/blog.polityka.pl\/chetkowski\/wp-json\/wp\/v2\/posts"}],"about":[{"href":"https:\/\/blog.polityka.pl\/chetkowski\/wp-json\/wp\/v2\/types\/post"}],"author":[{"embeddable":true,"href":"https:\/\/blog.polityka.pl\/chetkowski\/wp-json\/wp\/v2\/users\/1"}],"replies":[{"embeddable":true,"href":"https:\/\/blog.polityka.pl\/chetkowski\/wp-json\/wp\/v2\/comments?post=13653"}],"version-history":[{"count":1,"href":"https:\/\/blog.polityka.pl\/chetkowski\/wp-json\/wp\/v2\/posts\/13653\/revisions"}],"predecessor-version":[{"id":13654,"href":"https:\/\/blog.polityka.pl\/chetkowski\/wp-json\/wp\/v2\/posts\/13653\/revisions\/13654"}],"wp:featuredmedia":[{"embeddable":true,"href":"https:\/\/blog.polityka.pl\/chetkowski\/wp-json\/wp\/v2\/media\/12823"}],"wp:attachment":[{"href":"https:\/\/blog.polityka.pl\/chetkowski\/wp-json\/wp\/v2\/media?parent=13653"}],"wp:term":[{"taxonomy":"category","embeddable":true,"href":"https:\/\/blog.polityka.pl\/chetkowski\/wp-json\/wp\/v2\/categories?post=13653"},{"taxonomy":"post_tag","embeddable":true,"href":"https:\/\/blog.polityka.pl\/chetkowski\/wp-json\/wp\/v2\/tags?post=13653"}],"curies":[{"name":"wp","href":"https:\/\/api.w.org\/{rel}","templated":true}]}}