
{"id":13656,"date":"2023-10-18T20:18:23","date_gmt":"2023-10-18T18:18:23","guid":{"rendered":"http:\/\/chetkowski.blog.polityka.pl\/?p=13656"},"modified":"2023-10-18T22:32:13","modified_gmt":"2023-10-18T20:32:13","slug":"co-piaty-nowy-posel-to-nauczyciel","status":"publish","type":"post","link":"https:\/\/blog.polityka.pl\/chetkowski\/2023\/10\/18\/co-piaty-nowy-posel-to-nauczyciel\/","title":{"rendered":"Co pi\u0105ty nowy pose\u0142 to nauczyciel"},"content":{"rendered":"\n<p>Zawsze w Sejmie by\u0142o du\u017co nauczycieli. Nigdy to jednak nie pomaga\u0142o o\u015bwiacie, raczej szkodzi\u0142o. Teraz te\u017c nie wiadomo, czy nauczyciele maj\u0105 si\u0119 cieszy\u0107, \u017ce tak du\u017co ich koleg\u00f3w i kole\u017canek po fachu dosta\u0142o si\u0119 do Sejmu.<\/p>\n\n\n\n<!--more-->\n\n\n\n<p>\u201eG\u0142os Nauczycielski\u201d podaje, \u017ce w\u015br\u00f3d nowych pos\u0142\u00f3w a\u017c co pi\u0105ty ma za sob\u0105 epizod nauczycielski (szczeg\u00f3\u0142y <a href=\"https:\/\/glos.pl\/wybory-2023-w-sejmowych-lawach-nie-zabraknie-nauczycieli-oraz-ich-sojusznikow-czy-edukacja-bedzie-dla-nich-najwazniejsza\" target=\"_blank\" rel=\"noreferrer noopener\" aria-label=\"tutaj (opens in a new tab)\">tutaj<\/a>). Niekt\u00f3rzy id\u0105 do Sejmu nieomal prosto spod tablicy, jak s\u0142ynny wieloprzedmiotowiec z \u0141odzi, pan Marcin J\u00f3zefaciuk (anglista, polonista, fizyk, informatyk, wuefista w jednej osobie). Tacy ludzie doskonale znaj\u0105 problemy szko\u0142y, teraz mogliby pom\u00f3c je rozwi\u0105za\u0107.<\/p>\n\n\n\n<p>Bardzo rzadko jednak chc\u0105. Zwykle bowiem pos\u0142owie \u2013 byli nauczyciele odcinaj\u0105 si\u0119 od swojego \u015brodowiska. Szybko zapominaj\u0105, sk\u0105d przybyli. \u0179le wspominaj\u0105 czasy, kiedy pracowali w szkole. O\u015bwiata nie mo\u017ce wi\u0119c na nich liczy\u0107.<\/p>\n\n\n\n<p>Czy \u015bwie\u017co wybrani pos\u0142owie r\u00f3wnie\u017c szybko zapomn\u0105 o \u015brodowisku, z kt\u00f3rego wyszli, przekonamy si\u0119 niebawem. Na razie Donald Tusk przypomnia\u0142, \u017ce z wyuczonego zawodu jest nauczycielem historii. Prowadzi\u0142 wi\u0119c lekcje w ramach praktyk studenckich. Gdyby bra\u0107 pod uwag\u0119 r\u00f3wnie\u017c wykszta\u0142cenie, a nie tylko faktycznie wykonywany zaw\u00f3d, nauczycielem m\u00f3g\u0142by si\u0119 okaza\u0107 nawet co drugi pose\u0142. Ciekawe, co ludziom pracuj\u0105cym w szkole z tego przyjdzie?<\/p>\n","protected":false},"excerpt":{"rendered":"<p>Zawsze w Sejmie by\u0142o du\u017co nauczycieli. Nigdy to jednak nie pomaga\u0142o o\u015bwiacie, raczej szkodzi\u0142o. Teraz te\u017c nie wiadomo, czy nauczyciele maj\u0105 si\u0119 cieszy\u0107, \u017ce tak du\u017co ich koleg\u00f3w i kole\u017canek po fachu dosta\u0142o si\u0119 do Sejmu.<\/p>\n","protected":false},"author":1,"featured_media":13660,"comment_status":"open","ping_status":"closed","sticky":false,"template":"","format":"standard","meta":{"footnotes":""},"categories":[1],"tags":[],"_links":{"self":[{"href":"https:\/\/blog.polityka.pl\/chetkowski\/wp-json\/wp\/v2\/posts\/13656"}],"collection":[{"href":"https:\/\/blog.polityka.pl\/chetkowski\/wp-json\/wp\/v2\/posts"}],"about":[{"href":"https:\/\/blog.polityka.pl\/chetkowski\/wp-json\/wp\/v2\/types\/post"}],"author":[{"embeddable":true,"href":"https:\/\/blog.polityka.pl\/chetkowski\/wp-json\/wp\/v2\/users\/1"}],"replies":[{"embeddable":true,"href":"https:\/\/blog.polityka.pl\/chetkowski\/wp-json\/wp\/v2\/comments?post=13656"}],"version-history":[{"count":3,"href":"https:\/\/blog.polityka.pl\/chetkowski\/wp-json\/wp\/v2\/posts\/13656\/revisions"}],"predecessor-version":[{"id":13659,"href":"https:\/\/blog.polityka.pl\/chetkowski\/wp-json\/wp\/v2\/posts\/13656\/revisions\/13659"}],"wp:featuredmedia":[{"embeddable":true,"href":"https:\/\/blog.polityka.pl\/chetkowski\/wp-json\/wp\/v2\/media\/13660"}],"wp:attachment":[{"href":"https:\/\/blog.polityka.pl\/chetkowski\/wp-json\/wp\/v2\/media?parent=13656"}],"wp:term":[{"taxonomy":"category","embeddable":true,"href":"https:\/\/blog.polityka.pl\/chetkowski\/wp-json\/wp\/v2\/categories?post=13656"},{"taxonomy":"post_tag","embeddable":true,"href":"https:\/\/blog.polityka.pl\/chetkowski\/wp-json\/wp\/v2\/tags?post=13656"}],"curies":[{"name":"wp","href":"https:\/\/api.w.org\/{rel}","templated":true}]}}